{"id":39229,"date":"2018-01-30T13:29:46","date_gmt":"2018-01-30T16:29:46","guid":{"rendered":"http:\/\/caririemacao.com\/1\/?p=39229"},"modified":"2018-01-30T13:43:46","modified_gmt":"2018-01-30T16:43:46","slug":"carro-do-cantor-cristiano-neves-capota-e-deixa-vitima-fatal","status":"publish","type":"post","link":"https:\/\/www.caririemacao.com\/1\/2018\/01\/30\/carro-do-cantor-cristiano-neves-capota-e-deixa-vitima-fatal\/","title":{"rendered":"Carro do cantor Cristiano Neves capota e deixa v\u00edtima fatal"},"content":{"rendered":"<p>Nas primeiras horas da manh\u00e3 desta ter\u00e7a-feira (30\/01), por volta das 06h30, o filho do cantor Cristiano Neves, Adhemir Teixeira Neves, morreu v\u00edtima de um acidente de tr\u00e2nsito na BR-135, mais conhecida como \u2018Rodovia da Morte\u2019. O acidente aconteceu pr\u00f3ximo \u00e0 localidade Santa Marta, munic\u00edpio de Corrente\/PI.<\/p>\n<p>Segundo o tecladista da banda, Alessandro Nogueira de Santana, haviam nove pessoas no micro-\u00f4nibus que vinha do Cear\u00e1 com destino a S\u00e3o Paulo.<\/p>\n<p>Alessandro, Cristiano Neves e outros integrantes foram socorridos por uma equipe do Servi\u00e7o de Atendimento M\u00f3vel de Urg\u00eancia (SAMU) de Corrente e est\u00e3o internados no Hospital Regional de Corrente, Jo\u00e3o Pacheco Cavalcanti.<\/p>\n<p>O cantor n\u00e3o sofreu fraturas graves e apresentou apenas escoria\u00e7\u00f5es, por\u00e9m estava psicologicamente abalado pela morte do filho. \u201cN\u00e3o deixem meu filho morrer\u201d, pedia ele no momento socorro.<\/p>\n<p>O tecladista ainda informou que o motorista do micro-\u00f4nibus perdeu o controle da dire\u00e7\u00e3o devido a pista est\u00e1 molhada com as chuvas.<\/p>\n<p><strong>CARIRI EM A\u00c7\u00c3O<\/strong><\/p>\n<p>Leia mais not\u00edcias em\u00a0<a href=\"http:\/\/www.caririemacao.com\/\">caririemacao.com<\/a>, siga nossa p\u00e1gina no\u00a0<a href=\"https:\/\/www.facebook.com\/CaririEmAcao\/?ref=aymt_homepage_panel\">Facebook<\/a>,\u00a0<a href=\"https:\/\/www.instagram.com\/cariri_em_acao\/?hl=pt-br\">Instagram<\/a>\u00a0e\u00a0<a href=\"https:\/\/www.youtube.com\/channel\/UCAptA0jQuYQy8vMhLt2m4qg\">Youtube<\/a>\u00a0e veja nossas mat\u00e9rias, v\u00eddeos e fotos. Voc\u00ea tamb\u00e9m pode enviar informa\u00e7\u00f5es \u00e0 Reda\u00e7\u00e3o do Portal Cariri em A\u00e7\u00e3o pelo WhatsApp (83) 9 9634.5791, (83) 9 9601-1162.<\/p>\n","protected":false},"excerpt":{"rendered":"<p>Nas primeiras horas da manh\u00e3 desta ter\u00e7a-feira (30\/01), por volta das 06h30, o filho do cantor Cristiano Neves, Adhemir Teixeira Neves, morreu v\u00edtima de um&hellip; <\/p>\n","protected":false},"author":2,"featured_media":39230,"comment_status":"closed","ping_status":"closed","sticky":false,"template":"","format":"standard","meta":{"sfsi_plus_gutenberg_text_before_share":"","sfsi_plus_gutenberg_show_text_before_share":"","sfsi_plus_gutenberg_icon_type":"","sfsi_plus_gutenberg_icon_alignemt":"","sfsi_plus_gutenburg_max_per_row":"","footnotes":""},"categories":[12],"tags":[],"class_list":["post-39229","post","type-post","status-publish","format-standard","has-post-thumbnail","hentry","category-policia"],"_links":{"self":[{"href":"https:\/\/www.caririemacao.com\/1\/wp-json\/wp\/v2\/posts\/39229","targetHints":{"allow":["GET"]}}],"collection":[{"href":"https:\/\/www.caririemacao.com\/1\/wp-json\/wp\/v2\/posts"}],"about":[{"href":"https:\/\/www.caririemacao.com\/1\/wp-json\/wp\/v2\/types\/post"}],"author":[{"embeddable":true,"href":"https:\/\/www.caririemacao.com\/1\/wp-json\/wp\/v2\/users\/2"}],"replies":[{"embeddable":true,"href":"https:\/\/www.caririemacao.com\/1\/wp-json\/wp\/v2\/comments?post=39229"}],"version-history":[{"count":0,"href":"https:\/\/www.caririemacao.com\/1\/wp-json\/wp\/v2\/posts\/39229\/revisions"}],"wp:featuredmedia":[{"embeddable":true,"href":"https:\/\/www.caririemacao.com\/1\/wp-json\/wp\/v2\/media\/39230"}],"wp:attachment":[{"href":"https:\/\/www.caririemacao.com\/1\/wp-json\/wp\/v2\/media?parent=39229"}],"wp:term":[{"taxonomy":"category","embeddable":true,"href":"https:\/\/www.caririemacao.com\/1\/wp-json\/wp\/v2\/categories?post=39229"},{"taxonomy":"post_tag","embeddable":true,"href":"https:\/\/www.caririemacao.com\/1\/wp-json\/wp\/v2\/tags?post=39229"}],"curies":[{"name":"wp","href":"https:\/\/api.w.org\/{rel}","templated":true}]}}