{"id":39234,"date":"2018-01-20T13:38:06","date_gmt":"2018-01-20T16:38:06","guid":{"rendered":"http:\/\/caririemacao.com\/1\/?p=39234"},"modified":"2018-01-30T13:38:58","modified_gmt":"2018-01-30T16:38:58","slug":"39234","status":"publish","type":"post","link":"https:\/\/www.caririemacao.com\/1\/2018\/01\/20\/39234\/","title":{"rendered":""},"content":{"rendered":"<p>O per\u00edodo para matr\u00edcula na rede municipal de ensino de Gurj\u00e3o para o ano letivo de 2018 come\u00e7ar\u00e1 na pr\u00f3xima segunda (22). O per\u00edodo ser\u00e1 iniciado para os alunos das escolas do Munic\u00edpio de 08:00 as 13:00 na pr\u00f3pria sede da Secretaria de Educa\u00e7\u00e3o.<\/p>\n<p>\u201cEstamos muito felizes e aguardamos nossos alunos, que \u00e9 o n\u00famero existente hoje na nossa rede, e tamb\u00e9m estamos com capacidade para atender alunos novos que queiram ingressar na rede municipal\u201d, disse a secret\u00e1ria Noelma Farias.<\/p>\n<p>Para as matr\u00edculas da creche, da pr\u00e9-escola e do ensino fundamental \u00e9 necess\u00e1ria a presen\u00e7a dos pais ou respons\u00e1veis para fazer a matr\u00edcula.<\/p>\n<p><strong>CARIRI EM A\u00c7\u00c3O<\/strong><\/p>\n<p><strong>Ascom<\/strong><\/p>\n<p>Leia mais not\u00edcias em\u00a0<a href=\"http:\/\/www.caririemacao.com\/\">caririemacao.com<\/a>, siga nossa p\u00e1gina no\u00a0<a href=\"https:\/\/www.facebook.com\/CaririEmAcao\/?ref=aymt_homepage_panel\">Facebook<\/a>,\u00a0<a href=\"https:\/\/www.instagram.com\/cariri_em_acao\/?hl=pt-br\">Instagram<\/a>\u00a0e\u00a0<a href=\"https:\/\/www.youtube.com\/channel\/UCAptA0jQuYQy8vMhLt2m4qg\">Youtube<\/a>\u00a0e veja nossas mat\u00e9rias, v\u00eddeos e fotos. Voc\u00ea tamb\u00e9m pode enviar informa\u00e7\u00f5es \u00e0 Reda\u00e7\u00e3o do Portal Cariri em A\u00e7\u00e3o pelo WhatsApp (83) 9 9634.5791, (83) 9 9601-1162.<\/p>\n","protected":false},"excerpt":{"rendered":"<p>O per\u00edodo para matr\u00edcula na rede municipal de ensino de Gurj\u00e3o para o ano letivo de 2018 come\u00e7ar\u00e1 na pr\u00f3xima segunda (22). O per\u00edodo ser\u00e1&hellip; <\/p>\n","protected":false},"author":2,"featured_media":39235,"comment_status":"closed","ping_status":"closed","sticky":false,"template":"","format":"standard","meta":{"sfsi_plus_gutenberg_text_before_share":"","sfsi_plus_gutenberg_show_text_before_share":"","sfsi_plus_gutenberg_icon_type":"","sfsi_plus_gutenberg_icon_alignemt":"","sfsi_plus_gutenburg_max_per_row":"","footnotes":""},"categories":[14],"tags":[],"class_list":["post-39234","post","type-post","status-publish","format-standard","has-post-thumbnail","hentry","category-educacao"],"_links":{"self":[{"href":"https:\/\/www.caririemacao.com\/1\/wp-json\/wp\/v2\/posts\/39234","targetHints":{"allow":["GET"]}}],"collection":[{"href":"https:\/\/www.caririemacao.com\/1\/wp-json\/wp\/v2\/posts"}],"about":[{"href":"https:\/\/www.caririemacao.com\/1\/wp-json\/wp\/v2\/types\/post"}],"author":[{"embeddable":true,"href":"https:\/\/www.caririemacao.com\/1\/wp-json\/wp\/v2\/users\/2"}],"replies":[{"embeddable":true,"href":"https:\/\/www.caririemacao.com\/1\/wp-json\/wp\/v2\/comments?post=39234"}],"version-history":[{"count":0,"href":"https:\/\/www.caririemacao.com\/1\/wp-json\/wp\/v2\/posts\/39234\/revisions"}],"wp:featuredmedia":[{"embeddable":true,"href":"https:\/\/www.caririemacao.com\/1\/wp-json\/wp\/v2\/media\/39235"}],"wp:attachment":[{"href":"https:\/\/www.caririemacao.com\/1\/wp-json\/wp\/v2\/media?parent=39234"}],"wp:term":[{"taxonomy":"category","embeddable":true,"href":"https:\/\/www.caririemacao.com\/1\/wp-json\/wp\/v2\/categories?post=39234"},{"taxonomy":"post_tag","embeddable":true,"href":"https:\/\/www.caririemacao.com\/1\/wp-json\/wp\/v2\/tags?post=39234"}],"curies":[{"name":"wp","href":"https:\/\/api.w.org\/{rel}","templated":true}]}}