{"id":39238,"date":"2018-01-04T13:44:23","date_gmt":"2018-01-04T16:44:23","guid":{"rendered":"http:\/\/caririemacao.com\/1\/?p=39238"},"modified":"2018-01-30T13:47:05","modified_gmt":"2018-01-30T16:47:05","slug":"gurjao-comemorou-os-56-anos-com-anuncio-de-futuros-investimentos","status":"publish","type":"post","link":"https:\/\/www.caririemacao.com\/1\/2018\/01\/04\/gurjao-comemorou-os-56-anos-com-anuncio-de-futuros-investimentos\/","title":{"rendered":"Gurj\u00e3o comemorou os 56 anos com anuncio de futuros investimentos"},"content":{"rendered":"<p>Nas comemora\u00e7\u00f5es alusivas aos \u00a056 anos de Emancipa\u00e7\u00e3o Pol\u00edtica de Gurj\u00e3o uma vasta programa\u00e7\u00e3o foi realizada , com uma alvorada pelas principais ruas da cidade a Filarm\u00f4nica Nossa Senhora do Ros\u00e1rio \u00a0acordou a cidade para as comemora\u00e7\u00f5es de seu anivers\u00e1rio , dando continuidade as festividades foram hasteados os pavilh\u00f5es nacional , estadual e municipal com a presen\u00e7a do Prefeito Ronaldo Queiroz , a Vice Prefeito Tercia Borges , os Vereadores Marcelo Farias, Elizete, Robson Cordeiro , Junior Morais , al\u00e9m dos Secret\u00e1rios e na fala do Prefeito Ronaldo Queiroz ele agradeceu a todos por comemorarem hoje o anivers\u00e1rio de Gurj\u00e3o com grandes conquistas e uma \u00a0gest\u00e3o que \u00a0sempre prezar\u00e1 pelo bem maior que \u00e9 o patrim\u00f4nio de ser ter uma cidade exemplo para outras.<\/p>\n<p>Ao meio dia o Prefeito Ronaldo Queiroz esteve na r\u00e1dio Gurj\u00e3o FM sobre os comandos de Felipe Camar\u00e3o e Ed Oliveira que fizeram a entrevista com o Prefeito que falou sobre a programa\u00e7\u00e3o que j\u00e1 havia acontecido pela amanh\u00e3 e divulgou em primeira m\u00e3o um grande investimento que ser\u00e1 feito em parceria com o Governo do Estado \u00a0uma escola com 8 salas no valor de 1.140.00,00\u00a0 o Prefeito Ronaldo Queiroz agradeceu ao Governador em sua fala por atender o pleito de muita necessidade para a cidade de Gurj\u00e3o , as 16:00 o Prefeito Ronaldo entregou na presen\u00e7a do Deputado Estadual Ricardo Barbosa nas m\u00e3os da Secretaria Bruna Moura as chaves de 3 carros de modelo ARGO 0 KM \u00a0estiveram presentes a Vice Prefeito Tercia Borges , os Vereadores Marcelo Farias , Elizete , Robson Cordeiro , Junior Morais, em seguida\u00a0 deu in\u00edcio a retreta pela Filarm\u00f4nica Nossa Senhora do Ros\u00e1rio foi partido o bolo comemorativo aos 56 anos da cidade de Gurj\u00e3o\u00a0 nas palavras do Prefeito ele completou dizendo \u201c em um aniversario o que n\u00e3o se pode faltar? O bolo ent\u00e3o estamos aqui comemorando o anivers\u00e1rio de nossa cidade com um grande bolo\u201d, Ronaldo Queiroz ainda anunciou mais investimentos na ordem de 70.000,00 para aquisi\u00e7\u00e3o de um novo carro e 250.000,00 destinado para pavimenta\u00e7\u00e3o, al\u00e9m de uma ambul\u00e2ncia nova , o Deputado Ricardo Barbosa parabenizou o Prefeito Ronaldo pela bela gest\u00e3o \u00e0 frente da cidade de Gurj\u00e3o e onde se anda escutasse falar na sua gest\u00e3o e em \u00e9pocas de crise Ronaldo entrega hoje tr\u00eas carros 0KM com recursos pr\u00f3prios isso \u00e9 um feito a ser frisado e elogiado.<\/p>\n<p>Encerrando a noite com as festas em pra\u00e7a p\u00fablica onde em plena ter\u00e7a feira uma multid\u00e3o esteve presente onde foi aberto a noite com a banda prata da casa Moleka Safada , logo ap\u00f3s o cantor Vicente Nery voltou a Gurj\u00e3o e deu um verdadeiro show com m\u00fasicas que fizeram o povo dan\u00e7ar e encerrando j\u00e1 ao raiar do seu foi a vez da Banda Karkar\u00e1 que sacudiu a galera com seu repertorio atualizado , por fim o Prefeito Ronaldo agradeceu a todos que estiveram nesta grande festa e aproveitou para convidar para o pr\u00f3ximo dia 19 o show do Padre Nilson Nunes fazendo parte da festa em alus\u00e3o a festa de S\u00e3o Sebasti\u00e3o.<\/p>\n<p><strong>CARIRI EM A\u00c7\u00c3O<\/strong><\/p>\n<p><strong>Ascom<\/strong><\/p>\n<p>Leia mais not\u00edcias em\u00a0<a href=\"http:\/\/www.caririemacao.com\/\">caririemacao.com<\/a>, siga nossa p\u00e1gina no\u00a0<a href=\"https:\/\/www.facebook.com\/CaririEmAcao\/?ref=aymt_homepage_panel\">Facebook<\/a>,\u00a0<a href=\"https:\/\/www.instagram.com\/cariri_em_acao\/?hl=pt-br\">Instagram<\/a>\u00a0e\u00a0<a href=\"https:\/\/www.youtube.com\/channel\/UCAptA0jQuYQy8vMhLt2m4qg\">Youtube<\/a>\u00a0e veja nossas mat\u00e9rias, v\u00eddeos e fotos. Voc\u00ea tamb\u00e9m pode enviar informa\u00e7\u00f5es \u00e0 Reda\u00e7\u00e3o do Portal Cariri em A\u00e7\u00e3o pelo WhatsApp (83) 9 9634.5791, (83) 9 9601-1162.<\/p>\n","protected":false},"excerpt":{"rendered":"<p>Nas comemora\u00e7\u00f5es alusivas aos \u00a056 anos de Emancipa\u00e7\u00e3o Pol\u00edtica de Gurj\u00e3o uma vasta programa\u00e7\u00e3o foi realizada , com uma alvorada pelas principais ruas da cidade&hellip; <\/p>\n","protected":false},"author":2,"featured_media":39239,"comment_status":"closed","ping_status":"closed","sticky":false,"template":"","format":"standard","meta":{"sfsi_plus_gutenberg_text_before_share":"","sfsi_plus_gutenberg_show_text_before_share":"","sfsi_plus_gutenberg_icon_type":"","sfsi_plus_gutenberg_icon_alignemt":"","sfsi_plus_gutenburg_max_per_row":"","footnotes":""},"categories":[2],"tags":[],"class_list":["post-39238","post","type-post","status-publish","format-standard","has-post-thumbnail","hentry","category-geral"],"_links":{"self":[{"href":"https:\/\/www.caririemacao.com\/1\/wp-json\/wp\/v2\/posts\/39238","targetHints":{"allow":["GET"]}}],"collection":[{"href":"https:\/\/www.caririemacao.com\/1\/wp-json\/wp\/v2\/posts"}],"about":[{"href":"https:\/\/www.caririemacao.com\/1\/wp-json\/wp\/v2\/types\/post"}],"author":[{"embeddable":true,"href":"https:\/\/www.caririemacao.com\/1\/wp-json\/wp\/v2\/users\/2"}],"replies":[{"embeddable":true,"href":"https:\/\/www.caririemacao.com\/1\/wp-json\/wp\/v2\/comments?post=39238"}],"version-history":[{"count":0,"href":"https:\/\/www.caririemacao.com\/1\/wp-json\/wp\/v2\/posts\/39238\/revisions"}],"wp:featuredmedia":[{"embeddable":true,"href":"https:\/\/www.caririemacao.com\/1\/wp-json\/wp\/v2\/media\/39239"}],"wp:attachment":[{"href":"https:\/\/www.caririemacao.com\/1\/wp-json\/wp\/v2\/media?parent=39238"}],"wp:term":[{"taxonomy":"category","embeddable":true,"href":"https:\/\/www.caririemacao.com\/1\/wp-json\/wp\/v2\/categories?post=39238"},{"taxonomy":"post_tag","embeddable":true,"href":"https:\/\/www.caririemacao.com\/1\/wp-json\/wp\/v2\/tags?post=39238"}],"curies":[{"name":"wp","href":"https:\/\/api.w.org\/{rel}","templated":true}]}}