{"id":39241,"date":"2018-01-30T13:52:35","date_gmt":"2018-01-30T16:52:35","guid":{"rendered":"http:\/\/caririemacao.com\/1\/?p=39241"},"modified":"2018-01-30T13:52:35","modified_gmt":"2018-01-30T16:52:35","slug":"jornada-pedagogica-da-educacao-de-sume-tera-como-palestrante-o-escritor-e-psicologo-clinico-rossandro-klinjey","status":"publish","type":"post","link":"https:\/\/www.caririemacao.com\/1\/2018\/01\/30\/jornada-pedagogica-da-educacao-de-sume-tera-como-palestrante-o-escritor-e-psicologo-clinico-rossandro-klinjey\/","title":{"rendered":"Jornada Pedag\u00f3gica da Educa\u00e7\u00e3o de Sum\u00e9 ter\u00e1 como palestrante o escritor e psic\u00f3logo cl\u00ednico Rossandro Klinjey"},"content":{"rendered":"<p>A Secretaria de Educa\u00e7\u00e3o de Sum\u00e9 realiza nos dias 01 e 02 de fevereiro a Jornada Pedag\u00f3gica 2018. O evento acontece todos os anos antes do in\u00edcio do ano letivo e tem por objetivo trabalhar a equipe de gestores, professores e colaboradores da rede municipal de ensino de Sum\u00e9 para o ano que se inicia.<\/p>\n<p>A abertura acontece no dia 1\u00ba, a partir das 08h, no Gin\u00e1sio de Esportes Municipal e ter\u00e1 como palestrante o escritor, psic\u00f3logo cl\u00ednico, mestre em sa\u00fade coletiva e doutorando em psican\u00e1lise, Rossandro Klinjey, que falar\u00e1 sobre o tema: \u201cAutoestima e aprendizado: o professor como agente de desenvolvimento educacional do educando\u201d.<\/p>\n<p>A programa\u00e7\u00e3o segue na sexta-feira, dia 02, come\u00e7ando com a atra\u00e7\u00e3o cultural circense Trupe\u00e7ando, em seguida palestra com a professora-doutora do CDSA\/UFFCG, Adriana Meeira, que levar\u00e1 o tema: \u201cDesafios, valoriza\u00e7\u00e3o, humanismo e motiva\u00e7\u00e3o\u201d.<\/p>\n<p>O encerramento da Jornada Pedag\u00f3gica est\u00e1 previsto para acontecer \u00e0s 10h30min com a apresenta\u00e7\u00e3o de experi\u00eancias exitosas de professoras da rede municipal de ensino sobre o PNAIC.<\/p>\n<p><strong>CARIRI EM A\u00c7\u00c3O<\/strong><\/p>\n<p><strong>Ascom<\/strong><\/p>\n<p>Leia mais not\u00edcias em\u00a0<a href=\"http:\/\/www.caririemacao.com\/\">caririemacao.com<\/a>, siga nossa p\u00e1gina no\u00a0<a href=\"https:\/\/www.facebook.com\/CaririEmAcao\/?ref=aymt_homepage_panel\">Facebook<\/a>,\u00a0<a href=\"https:\/\/www.instagram.com\/cariri_em_acao\/?hl=pt-br\">Instagram<\/a>\u00a0e\u00a0<a href=\"https:\/\/www.youtube.com\/channel\/UCAptA0jQuYQy8vMhLt2m4qg\">Youtube<\/a>\u00a0e veja nossas mat\u00e9rias, v\u00eddeos e fotos. Voc\u00ea tamb\u00e9m pode enviar informa\u00e7\u00f5es \u00e0 Reda\u00e7\u00e3o do Portal Cariri em A\u00e7\u00e3o pelo WhatsApp (83) 9 9634.5791, (83) 9 9601-1162.<\/p>\n","protected":false},"excerpt":{"rendered":"<p>A Secretaria de Educa\u00e7\u00e3o de Sum\u00e9 realiza nos dias 01 e 02 de fevereiro a Jornada Pedag\u00f3gica 2018. O evento acontece todos os anos antes&hellip; <\/p>\n","protected":false},"author":2,"featured_media":39242,"comment_status":"closed","ping_status":"closed","sticky":false,"template":"","format":"standard","meta":{"sfsi_plus_gutenberg_text_before_share":"","sfsi_plus_gutenberg_show_text_before_share":"","sfsi_plus_gutenberg_icon_type":"","sfsi_plus_gutenberg_icon_alignemt":"","sfsi_plus_gutenburg_max_per_row":"","footnotes":""},"categories":[2],"tags":[],"class_list":["post-39241","post","type-post","status-publish","format-standard","has-post-thumbnail","hentry","category-geral"],"_links":{"self":[{"href":"https:\/\/www.caririemacao.com\/1\/wp-json\/wp\/v2\/posts\/39241","targetHints":{"allow":["GET"]}}],"collection":[{"href":"https:\/\/www.caririemacao.com\/1\/wp-json\/wp\/v2\/posts"}],"about":[{"href":"https:\/\/www.caririemacao.com\/1\/wp-json\/wp\/v2\/types\/post"}],"author":[{"embeddable":true,"href":"https:\/\/www.caririemacao.com\/1\/wp-json\/wp\/v2\/users\/2"}],"replies":[{"embeddable":true,"href":"https:\/\/www.caririemacao.com\/1\/wp-json\/wp\/v2\/comments?post=39241"}],"version-history":[{"count":0,"href":"https:\/\/www.caririemacao.com\/1\/wp-json\/wp\/v2\/posts\/39241\/revisions"}],"wp:featuredmedia":[{"embeddable":true,"href":"https:\/\/www.caririemacao.com\/1\/wp-json\/wp\/v2\/media\/39242"}],"wp:attachment":[{"href":"https:\/\/www.caririemacao.com\/1\/wp-json\/wp\/v2\/media?parent=39241"}],"wp:term":[{"taxonomy":"category","embeddable":true,"href":"https:\/\/www.caririemacao.com\/1\/wp-json\/wp\/v2\/categories?post=39241"},{"taxonomy":"post_tag","embeddable":true,"href":"https:\/\/www.caririemacao.com\/1\/wp-json\/wp\/v2\/tags?post=39241"}],"curies":[{"name":"wp","href":"https:\/\/api.w.org\/{rel}","templated":true}]}}