{"id":39248,"date":"2018-01-30T15:38:30","date_gmt":"2018-01-30T18:38:30","guid":{"rendered":"http:\/\/caririemacao.com\/1\/?p=39248"},"modified":"2018-01-30T15:38:30","modified_gmt":"2018-01-30T18:38:30","slug":"aocp-divulga-edital-de-concurso-com-587-vagas-para-saude-da-prefeitura-de-joao-pessoa","status":"publish","type":"post","link":"https:\/\/www.caririemacao.com\/1\/2018\/01\/30\/aocp-divulga-edital-de-concurso-com-587-vagas-para-saude-da-prefeitura-de-joao-pessoa\/","title":{"rendered":"AOCP divulga edital de concurso com 587 vagas para sa\u00fade da Prefeitura de Jo\u00e3o Pessoa"},"content":{"rendered":"<p>A Prefeitura Municipal de Jo\u00e3o Pessoa (PMJP) divulgou, nesta ter\u00e7a-feira (30), o edital para o concurso p\u00fablico que ir\u00e1 contratar 587 profissionais na \u00e1rea de sa\u00fade. As vagas s\u00e3o para todos os n\u00edveis de escolaridades e os profissionais ser\u00e3o lotados Unidade de Pronta Atendimento (UPA) dos Banc\u00e1rios, na UPA Augusto Almeida Filho, em Cruz das Armas, e no Servi\u00e7o de Atendimento M\u00f3vel de Urg\u00eancia (Samu).<\/p>\n<p>As inscri\u00e7\u00f5es ter\u00e3o in\u00edcio na pr\u00f3xima segunda-feira (5) e seguem at\u00e9 o dia 16 do m\u00eas de mar\u00e7o. As provas est\u00e3o previstas para o dia 15 de abril. As inscri\u00e7\u00f5es ser\u00e3o feitas no site da organizadora do concurso: O Instituto AOCP, que possui experi\u00eancia nacional em sele\u00e7\u00f5es na \u00e1rea da sa\u00fade. O valor das inscri\u00e7\u00f5es varia conforme o n\u00edvel de escolaridade exigido. Para cargos de n\u00edvel m\u00e9dio o valor \u00e9 de R$ 40,00; n\u00edvel t\u00e9cnico R$ 55,00 e n\u00edvel superior R$ 70,00.<\/p>\n<p>A maior parte delas ser\u00e1 destinada \u00e0 UPA dos Banc\u00e1rios, que concentrar\u00e1 302 profissionais. Outras 273 vagas est\u00e3o reservadas para a UPA Almeida Filho e 12 profissionais trabalhar\u00e3o no Samu. A Prefeitura ir\u00e1 selecionar profissionais nas seguintes \u00e1reas: m\u00e9dico, m\u00e9dico pediatra, m\u00e9dico ortotraumatologista, assistente social, biom\u00e9dico, enfermeiro, farmac\u00eautico, farmac\u00eautico\/bioqu\u00edmico, t\u00e9cnico em enfermagem, t\u00e9cnico em imobiliza\u00e7\u00e3o ortop\u00e9dica, t\u00e9cnico de laborat\u00f3rio de an\u00e1lises cl\u00ednicas, t\u00e9cnico em radiologia, condutor de ambul\u00e2ncia e auxiliar de regula\u00e7\u00e3o m\u00e9dica.<\/p>\n<p><a href=\"http:\/\/caririemacao.com\/1\/wp-content\/uploads\/2018\/01\/edital_abertura_saoluis-2.jpg\"><img fetchpriority=\"high\" decoding=\"async\" class=\"aligncenter size-full wp-image-39249\" src=\"http:\/\/caririemacao.com\/1\/wp-content\/uploads\/2018\/01\/edital_abertura_saoluis-2.jpg\" alt=\"\" width=\"922\" height=\"1086\" srcset=\"https:\/\/www.caririemacao.com\/1\/wp-content\/uploads\/2018\/01\/edital_abertura_saoluis-2.jpg 922w, https:\/\/www.caririemacao.com\/1\/wp-content\/uploads\/2018\/01\/edital_abertura_saoluis-2-255x300.jpg 255w, https:\/\/www.caririemacao.com\/1\/wp-content\/uploads\/2018\/01\/edital_abertura_saoluis-2-768x905.jpg 768w, https:\/\/www.caririemacao.com\/1\/wp-content\/uploads\/2018\/01\/edital_abertura_saoluis-2-869x1024.jpg 869w\" sizes=\"(max-width: 922px) 100vw, 922px\" \/><\/a><\/p>\n<p><strong>CARIRI EM A\u00c7\u00c3O<\/strong><\/p>\n<p>Com Clik PB \/ Fotos: Reprodu\u00e7\u00e3o google<\/p>\n<p>Leia mais not\u00edcias em\u00a0<a href=\"http:\/\/www.caririemacao.com\/\">caririemacao.com<\/a>, siga nossa p\u00e1gina no\u00a0<a href=\"https:\/\/www.facebook.com\/CaririEmAcao\/?ref=aymt_homepage_panel\">Facebook<\/a>,\u00a0<a href=\"https:\/\/www.instagram.com\/cariri_em_acao\/?hl=pt-br\">Instagram<\/a>\u00a0e\u00a0<a href=\"https:\/\/www.youtube.com\/channel\/UCAptA0jQuYQy8vMhLt2m4qg\">Youtube<\/a>\u00a0e veja nossas mat\u00e9rias, v\u00eddeos e fotos. Voc\u00ea tamb\u00e9m pode enviar informa\u00e7\u00f5es \u00e0 Reda\u00e7\u00e3o do Portal Cariri em A\u00e7\u00e3o pelo WhatsApp (83) 9 9634.5791, (83) 9 9601-1162.<\/p>\n","protected":false},"excerpt":{"rendered":"<p>A Prefeitura Municipal de Jo\u00e3o Pessoa (PMJP) divulgou, nesta ter\u00e7a-feira (30), o edital para o concurso p\u00fablico que ir\u00e1 contratar 587 profissionais na \u00e1rea de&hellip; <\/p>\n","protected":false},"author":2,"featured_media":39250,"comment_status":"closed","ping_status":"closed","sticky":false,"template":"","format":"standard","meta":{"sfsi_plus_gutenberg_text_before_share":"","sfsi_plus_gutenberg_show_text_before_share":"","sfsi_plus_gutenberg_icon_type":"","sfsi_plus_gutenberg_icon_alignemt":"","sfsi_plus_gutenburg_max_per_row":"","footnotes":""},"categories":[2],"tags":[],"class_list":["post-39248","post","type-post","status-publish","format-standard","has-post-thumbnail","hentry","category-geral"],"_links":{"self":[{"href":"https:\/\/www.caririemacao.com\/1\/wp-json\/wp\/v2\/posts\/39248","targetHints":{"allow":["GET"]}}],"collection":[{"href":"https:\/\/www.caririemacao.com\/1\/wp-json\/wp\/v2\/posts"}],"about":[{"href":"https:\/\/www.caririemacao.com\/1\/wp-json\/wp\/v2\/types\/post"}],"author":[{"embeddable":true,"href":"https:\/\/www.caririemacao.com\/1\/wp-json\/wp\/v2\/users\/2"}],"replies":[{"embeddable":true,"href":"https:\/\/www.caririemacao.com\/1\/wp-json\/wp\/v2\/comments?post=39248"}],"version-history":[{"count":0,"href":"https:\/\/www.caririemacao.com\/1\/wp-json\/wp\/v2\/posts\/39248\/revisions"}],"wp:featuredmedia":[{"embeddable":true,"href":"https:\/\/www.caririemacao.com\/1\/wp-json\/wp\/v2\/media\/39250"}],"wp:attachment":[{"href":"https:\/\/www.caririemacao.com\/1\/wp-json\/wp\/v2\/media?parent=39248"}],"wp:term":[{"taxonomy":"category","embeddable":true,"href":"https:\/\/www.caririemacao.com\/1\/wp-json\/wp\/v2\/categories?post=39248"},{"taxonomy":"post_tag","embeddable":true,"href":"https:\/\/www.caririemacao.com\/1\/wp-json\/wp\/v2\/tags?post=39248"}],"curies":[{"name":"wp","href":"https:\/\/api.w.org\/{rel}","templated":true}]}}