{"id":39253,"date":"2018-01-30T19:01:29","date_gmt":"2018-01-30T22:01:29","guid":{"rendered":"http:\/\/caririemacao.com\/1\/?p=39253"},"modified":"2018-01-30T19:01:29","modified_gmt":"2018-01-30T22:01:29","slug":"tribunal-quer-parecer-de-mp-para-decisao-sobre-passaporte-de-lula","status":"publish","type":"post","link":"https:\/\/www.caririemacao.com\/1\/2018\/01\/30\/tribunal-quer-parecer-de-mp-para-decisao-sobre-passaporte-de-lula\/","title":{"rendered":"Tribunal quer parecer de MP para decis\u00e3o sobre passaporte de Lula"},"content":{"rendered":"<p class=\"content-text__container theme-color-primary-first-letter\" data-track-category=\"Link no Texto\" data-track-links=\"\">O Tribunal Regional Federal da 1\u00aa Regi\u00e3o (TRF-1) enviou um pedido \u00e0\u00a0Procuradoria Regional da Rep\u00fablica solicitando um parecer a respeito do\u00a0recurso feito pela defesa do ex-presidente\u00a0Luiz In\u00e1cio Lula da Silva para que seja reavido o passaporte do petista.\u00a0Segundo a assessoria do TRF-1, o prazo para a resposta \u00e9 de dois dias.<\/p>\n<p class=\"content-text__container theme-color-primary-first-letter\" data-track-category=\"Link no Texto\" data-track-links=\"\">Um juiz de Bras\u00edlia determinou na \u00faltima semana que o documento fosse apreendido. Esse pedido n\u00e3o se relaciona com o processo no qual Lula foi condenado\u00a0pelo Tribunal Regional Federal da 4\u00aa Regi\u00e3o (TRF-4) no processo envolvendo o tr\u00edplex no Guaruj\u00e1. No entanto, por conta da condena\u00e7\u00e3o, o juiz\u00a0Ricardo Leite julgou que havia risco de Lula\u00a0buscar asilo pol\u00edtico em outro pa\u00eds.<\/p>\n<p class=\"content-text__container \" data-track-category=\"Link no Texto\" data-track-links=\"\">Os advogados de Lula argumentaram que o petista &#8220;j\u00e1 demonstrou suficientemente ter la\u00e7os fort\u00edssimos com o pa\u00eds, ter cooperado nas a\u00e7\u00f5es penais que tramitam em seu desfavor \u2013 jamais negando-se a comparecer a qualquer ato quando intimado \u2013, e n\u00e3o haver qualquer perigo de cometimento de pr\u00e1tica criminosa&#8221;.<\/p>\n<p><strong>CARIRI EM A\u00c7\u00c3O<\/strong><\/p>\n<p><em>Com Pol\u00edtica ao minuto\u00a0\/Foto: Reprodu\u00e7\u00e3o Internet<\/em><\/p>\n<p><strong>Leia mais not\u00edcias em\u00a0<\/strong><a href=\"http:\/\/www.caririemacao.com\/\"><strong>caririemacao.com<\/strong><\/a><strong>, siga nossa p\u00e1gina no\u00a0<\/strong><a href=\"https:\/\/www.facebook.com\/CaririEmAcao\/?ref=aymt_homepage_panel\"><strong>Facebook<\/strong><\/a>,<strong>\u00a0<\/strong><a href=\"https:\/\/www.instagram.com\/cariri_em_acao\/?hl=pt-br\"><strong>Instagram<\/strong><\/a><strong>\u00a0e\u00a0<\/strong><a href=\"https:\/\/www.youtube.com\/channel\/UCAptA0jQuYQy8vMhLt2m4qg\"><strong>Youtube<\/strong><\/a><strong>\u00a0e veja nossas mat\u00e9rias, v\u00eddeos e fotos. Voc\u00ea tamb\u00e9m pode enviar informa\u00e7\u00f5es \u00e0 Reda\u00e7\u00e3o do Portal Cariri em A\u00e7\u00e3o pelo WhatsApp (83) 9 9634.5791, (83) 9 9601-1162.<\/strong><\/p>\n<p class=\"font-700 badges-center\">\n","protected":false},"excerpt":{"rendered":"<p>O Tribunal Regional Federal da 1\u00aa Regi\u00e3o (TRF-1) enviou um pedido \u00e0\u00a0Procuradoria Regional da Rep\u00fablica solicitando um parecer a respeito do\u00a0recurso feito pela defesa do&hellip; <\/p>\n","protected":false},"author":2,"featured_media":39254,"comment_status":"closed","ping_status":"closed","sticky":false,"template":"","format":"standard","meta":{"sfsi_plus_gutenberg_text_before_share":"","sfsi_plus_gutenberg_show_text_before_share":"","sfsi_plus_gutenberg_icon_type":"","sfsi_plus_gutenberg_icon_alignemt":"","sfsi_plus_gutenburg_max_per_row":"","footnotes":""},"categories":[11],"tags":[],"class_list":["post-39253","post","type-post","status-publish","format-standard","has-post-thumbnail","hentry","category-politica"],"_links":{"self":[{"href":"https:\/\/www.caririemacao.com\/1\/wp-json\/wp\/v2\/posts\/39253","targetHints":{"allow":["GET"]}}],"collection":[{"href":"https:\/\/www.caririemacao.com\/1\/wp-json\/wp\/v2\/posts"}],"about":[{"href":"https:\/\/www.caririemacao.com\/1\/wp-json\/wp\/v2\/types\/post"}],"author":[{"embeddable":true,"href":"https:\/\/www.caririemacao.com\/1\/wp-json\/wp\/v2\/users\/2"}],"replies":[{"embeddable":true,"href":"https:\/\/www.caririemacao.com\/1\/wp-json\/wp\/v2\/comments?post=39253"}],"version-history":[{"count":0,"href":"https:\/\/www.caririemacao.com\/1\/wp-json\/wp\/v2\/posts\/39253\/revisions"}],"wp:featuredmedia":[{"embeddable":true,"href":"https:\/\/www.caririemacao.com\/1\/wp-json\/wp\/v2\/media\/39254"}],"wp:attachment":[{"href":"https:\/\/www.caririemacao.com\/1\/wp-json\/wp\/v2\/media?parent=39253"}],"wp:term":[{"taxonomy":"category","embeddable":true,"href":"https:\/\/www.caririemacao.com\/1\/wp-json\/wp\/v2\/categories?post=39253"},{"taxonomy":"post_tag","embeddable":true,"href":"https:\/\/www.caririemacao.com\/1\/wp-json\/wp\/v2\/tags?post=39253"}],"curies":[{"name":"wp","href":"https:\/\/api.w.org\/{rel}","templated":true}]}}