{"id":39256,"date":"2018-01-30T19:03:38","date_gmt":"2018-01-30T22:03:38","guid":{"rendered":"http:\/\/caririemacao.com\/1\/?p=39256"},"modified":"2018-01-30T19:03:38","modified_gmt":"2018-01-30T22:03:38","slug":"sobe-para-81-o-numero-de-mortes-por-febre-amarela-no-brasil","status":"publish","type":"post","link":"https:\/\/www.caririemacao.com\/1\/2018\/01\/30\/sobe-para-81-o-numero-de-mortes-por-febre-amarela-no-brasil\/","title":{"rendered":"Sobe para 81 o n\u00famero de mortes por febre amarela no Brasil"},"content":{"rendered":"<p>O Minist\u00e9rio da Sa\u00fade (MS) divulgou, nesta ter\u00e7a-feira (30), dados atualizados sobre a ocorr\u00eancia da febre amarela no pa\u00eds. Desde o dia 23, quando foi apresentado o \u00faltimo balan\u00e7o, foram mais 83 casos de febre amarela, sendo que 28 vieram a \u00f3bito.<\/p>\n<p>Ao todo, entre os dias 1\u00ba de julho de 2017 e 30 de janeiro de 2018, foram confirmados 213 casos de febre amarela no pa\u00eds e 81 mortes. A pasta tamb\u00e9m detalhou que 1.080 casos suspeitos foram analisados, sendo que 432 foram descartados e 435 continuam em investiga\u00e7\u00e3o.<\/p>\n<p>A circula\u00e7\u00e3o do v\u00edrus da febre amarela em \u00e1reas mais amplas do que vinha sendo observado nos anos anteriores \u2013 incluindo cidades com maior concentra\u00e7\u00e3o de pessoas \u2013 tem gerado preocupa\u00e7\u00e3o na popula\u00e7\u00e3o e busca por vacina em postos de sa\u00fade. Por isso, o governo federal decidiu a antecipar a campanha de imuniza\u00e7\u00e3o, com doses fracionadas, no Rio de Janeiro e em S\u00e3o Paulo.<\/p>\n<p>No entanto, o n\u00famero de casos entre julho de 2016 e janeiro de 2017 foi maior que o que tem sido observado. Segundo o minist\u00e9rio, naquela \u00e9poca foram 468 casos confirmados e 147 \u00f3bitos.<\/p>\n<p>Para viabilizar a\u00e7\u00f5es de combate \u00e0 doen\u00e7a, a pasta se comprometeu a encaminhar aos estados R$ 54 milh\u00f5es. Do total, j\u00e1 foram repassados R$ 15,8 milh\u00f5es para S\u00e3o Paulo e R$ 30 milh\u00f5es para Rio de Janeiro, onde na segunda-feira (29), o n\u00famero de mortes pela doen\u00e7a chegou a nove, conforme informou a Subsecretaria de Vigil\u00e2ncia em Sa\u00fade da Secretaria de Estado de Sa\u00fade.<\/p>\n<p><strong>CARIRI EM A\u00c7\u00c3O<\/strong><\/p>\n<p><em>Com Ag\u00eancia Brasil\/Foto: Reprodu\u00e7\u00e3o Internet<\/em><\/p>\n<p><strong>Leia mais not\u00edcias em\u00a0<\/strong><a href=\"http:\/\/www.caririemacao.com\/\"><strong>caririemacao.com<\/strong><\/a><strong>, siga nossa p\u00e1gina no\u00a0<\/strong><a href=\"https:\/\/www.facebook.com\/CaririEmAcao\/?ref=aymt_homepage_panel\"><strong>Facebook<\/strong><\/a>,<strong>\u00a0<\/strong><a href=\"https:\/\/www.instagram.com\/cariri_em_acao\/?hl=pt-br\"><strong>Instagram<\/strong><\/a><strong>\u00a0e\u00a0<\/strong><a href=\"https:\/\/www.youtube.com\/channel\/UCAptA0jQuYQy8vMhLt2m4qg\"><strong>Youtube<\/strong><\/a><strong>\u00a0e veja nossas mat\u00e9rias, v\u00eddeos e fotos. Voc\u00ea tamb\u00e9m pode enviar informa\u00e7\u00f5es \u00e0 Reda\u00e7\u00e3o do Portal Cariri em A\u00e7\u00e3o pelo WhatsApp (83) 9 9634.5791, (83) 9 9601-1162.<\/strong><\/p>\n","protected":false},"excerpt":{"rendered":"<p>O Minist\u00e9rio da Sa\u00fade (MS) divulgou, nesta ter\u00e7a-feira (30), dados atualizados sobre a ocorr\u00eancia da febre amarela no pa\u00eds. Desde o dia 23, quando foi&hellip; <\/p>\n","protected":false},"author":2,"featured_media":39257,"comment_status":"closed","ping_status":"closed","sticky":false,"template":"","format":"standard","meta":{"sfsi_plus_gutenberg_text_before_share":"","sfsi_plus_gutenberg_show_text_before_share":"","sfsi_plus_gutenberg_icon_type":"","sfsi_plus_gutenberg_icon_alignemt":"","sfsi_plus_gutenburg_max_per_row":"","footnotes":""},"categories":[16],"tags":[],"class_list":["post-39256","post","type-post","status-publish","format-standard","has-post-thumbnail","hentry","category-saude"],"_links":{"self":[{"href":"https:\/\/www.caririemacao.com\/1\/wp-json\/wp\/v2\/posts\/39256","targetHints":{"allow":["GET"]}}],"collection":[{"href":"https:\/\/www.caririemacao.com\/1\/wp-json\/wp\/v2\/posts"}],"about":[{"href":"https:\/\/www.caririemacao.com\/1\/wp-json\/wp\/v2\/types\/post"}],"author":[{"embeddable":true,"href":"https:\/\/www.caririemacao.com\/1\/wp-json\/wp\/v2\/users\/2"}],"replies":[{"embeddable":true,"href":"https:\/\/www.caririemacao.com\/1\/wp-json\/wp\/v2\/comments?post=39256"}],"version-history":[{"count":0,"href":"https:\/\/www.caririemacao.com\/1\/wp-json\/wp\/v2\/posts\/39256\/revisions"}],"wp:featuredmedia":[{"embeddable":true,"href":"https:\/\/www.caririemacao.com\/1\/wp-json\/wp\/v2\/media\/39257"}],"wp:attachment":[{"href":"https:\/\/www.caririemacao.com\/1\/wp-json\/wp\/v2\/media?parent=39256"}],"wp:term":[{"taxonomy":"category","embeddable":true,"href":"https:\/\/www.caririemacao.com\/1\/wp-json\/wp\/v2\/categories?post=39256"},{"taxonomy":"post_tag","embeddable":true,"href":"https:\/\/www.caririemacao.com\/1\/wp-json\/wp\/v2\/tags?post=39256"}],"curies":[{"name":"wp","href":"https:\/\/api.w.org\/{rel}","templated":true}]}}