{"id":39259,"date":"2018-01-30T19:06:49","date_gmt":"2018-01-30T22:06:49","guid":{"rendered":"http:\/\/caririemacao.com\/1\/?p=39259"},"modified":"2018-01-30T19:06:49","modified_gmt":"2018-01-30T22:06:49","slug":"stj-nega-habeas-corpus-a-lula","status":"publish","type":"post","link":"https:\/\/www.caririemacao.com\/1\/2018\/01\/30\/stj-nega-habeas-corpus-a-lula\/","title":{"rendered":"STJ nega habeas corpus a Lula"},"content":{"rendered":"<p>O ministro Humberto Martins, do STJ (Superior Tribunal de Justi\u00e7a), negou habeas corpus ao ex-presidente Lula, informou a assessoria de imprensa da corte.<\/p>\n<p>Na semana passada, Lula foi condenado por lavagem de dinheiro e corrup\u00e7\u00e3o passiva em segunda inst\u00e2ncia, pelo TRF-4 (Tribunal Regional Federal da 4\u00aa Regi\u00e3o).<\/p>\n<p>Nesta ter\u00e7a-feira (30),\u00a0a defesa recorreu ao STJ com um pedido de habeas corpus preventivo\u00a0para afastar a possibilidade de antecipa\u00e7\u00e3o de cumprimento da pena de 12 anos e 1 m\u00eas de pris\u00e3o em regime fechado. A informa\u00e7\u00e3o foi antecipada pela colunista da Folha de S.Paulo M\u00f4nica Bergamo.<\/p>\n<p>Na pr\u00e1tica, a defesa de Lula pediu uma esp\u00e9cie de &#8220;superliminar&#8221; para anular a decis\u00e3o do TRF-4.<\/p>\n<p>Pela Lei da Ficha Limpa, o petista fica ineleg\u00edvel e n\u00e3o pode concorrer na elei\u00e7\u00e3o deste ano. Mas os advogados argumentam que a inelegibilidade pode ser afastada com base no artigo 26-C da Lei Complementar n\u00ba 64\/1990, que determina: &#8220;O \u00f3rg\u00e3o colegiado do tribunal ao qual couber a aprecia\u00e7\u00e3o do recurso contra as decis\u00f5es colegiadas () poder\u00e1, em car\u00e1ter cautelar, suspender a inelegibilidade sempre que existir plausibilidade da pretens\u00e3o recursal e desde que a provid\u00eancia tenha sido expressamente requerida, sob pena de preclus\u00e3o, por ocasi\u00e3o da interposi\u00e7\u00e3o do recurso&#8221;.<\/p>\n<p>Depois da condena\u00e7\u00e3o pelo TRF-4, o PT lan\u00e7ou Lula para presidente na elei\u00e7\u00e3o deste ano.<\/p>\n<p>No documento, a defesa afirma que, se Lula ficar fora da corrida eleitoral, a democracia brasileira sofrer\u00e1 &#8220;preju\u00edzo irrevers\u00edvel&#8221;.<\/p>\n<p>&#8220;A priva\u00e7\u00e3o de sua liberdade no per\u00edodo de campanha (ou pr\u00e9-campanha) eleitoral, consideradas as credenciais acima referidas, configurar-se-ia em um preju\u00edzo irrevers\u00edvel ao exerc\u00edcio da democracia no pa\u00eds &#8211; que pressup\u00f5e o debate de ideias muitas vezes antag\u00f4nicas entre si&#8221;, diz o texto.<\/p>\n<p><strong>CARIRI EM A\u00c7\u00c3O<\/strong><\/p>\n<p><em>Com Folhapress\/Foto:\u00a0\u00a0Reuters<\/em><\/p>\n<p><strong>Leia mais not\u00edcias em\u00a0<\/strong><a href=\"http:\/\/www.caririemacao.com\/\"><strong>caririemacao.com<\/strong><\/a><strong>, siga nossa p\u00e1gina no\u00a0<\/strong><a href=\"https:\/\/www.facebook.com\/CaririEmAcao\/?ref=aymt_homepage_panel\"><strong>Facebook<\/strong><\/a>,<strong>\u00a0<\/strong><a href=\"https:\/\/www.instagram.com\/cariri_em_acao\/?hl=pt-br\"><strong>Instagram<\/strong><\/a><strong>\u00a0e\u00a0<\/strong><a href=\"https:\/\/www.youtube.com\/channel\/UCAptA0jQuYQy8vMhLt2m4qg\"><strong>Youtube<\/strong><\/a><strong>\u00a0e veja nossas mat\u00e9rias, v\u00eddeos e fotos. Voc\u00ea tamb\u00e9m pode enviar informa\u00e7\u00f5es \u00e0 Reda\u00e7\u00e3o do Portal Cariri em A\u00e7\u00e3o pelo WhatsApp (83) 9 9634.5791, (83) 9 9601-1162.<\/strong><\/p>\n","protected":false},"excerpt":{"rendered":"<p>O ministro Humberto Martins, do STJ (Superior Tribunal de Justi\u00e7a), negou habeas corpus ao ex-presidente Lula, informou a assessoria de imprensa da corte. Na semana&hellip; <\/p>\n","protected":false},"author":2,"featured_media":39260,"comment_status":"closed","ping_status":"closed","sticky":false,"template":"","format":"standard","meta":{"sfsi_plus_gutenberg_text_before_share":"","sfsi_plus_gutenberg_show_text_before_share":"","sfsi_plus_gutenberg_icon_type":"","sfsi_plus_gutenberg_icon_alignemt":"","sfsi_plus_gutenburg_max_per_row":"","footnotes":""},"categories":[11],"tags":[],"class_list":["post-39259","post","type-post","status-publish","format-standard","has-post-thumbnail","hentry","category-politica"],"_links":{"self":[{"href":"https:\/\/www.caririemacao.com\/1\/wp-json\/wp\/v2\/posts\/39259","targetHints":{"allow":["GET"]}}],"collection":[{"href":"https:\/\/www.caririemacao.com\/1\/wp-json\/wp\/v2\/posts"}],"about":[{"href":"https:\/\/www.caririemacao.com\/1\/wp-json\/wp\/v2\/types\/post"}],"author":[{"embeddable":true,"href":"https:\/\/www.caririemacao.com\/1\/wp-json\/wp\/v2\/users\/2"}],"replies":[{"embeddable":true,"href":"https:\/\/www.caririemacao.com\/1\/wp-json\/wp\/v2\/comments?post=39259"}],"version-history":[{"count":0,"href":"https:\/\/www.caririemacao.com\/1\/wp-json\/wp\/v2\/posts\/39259\/revisions"}],"wp:featuredmedia":[{"embeddable":true,"href":"https:\/\/www.caririemacao.com\/1\/wp-json\/wp\/v2\/media\/39260"}],"wp:attachment":[{"href":"https:\/\/www.caririemacao.com\/1\/wp-json\/wp\/v2\/media?parent=39259"}],"wp:term":[{"taxonomy":"category","embeddable":true,"href":"https:\/\/www.caririemacao.com\/1\/wp-json\/wp\/v2\/categories?post=39259"},{"taxonomy":"post_tag","embeddable":true,"href":"https:\/\/www.caririemacao.com\/1\/wp-json\/wp\/v2\/tags?post=39259"}],"curies":[{"name":"wp","href":"https:\/\/api.w.org\/{rel}","templated":true}]}}