{"id":39262,"date":"2018-01-30T19:10:18","date_gmt":"2018-01-30T22:10:18","guid":{"rendered":"http:\/\/caririemacao.com\/1\/?p=39262"},"modified":"2018-01-30T19:10:18","modified_gmt":"2018-01-30T22:10:18","slug":"bolsonaro-pede-ao-tse-suspensao-de-pesquisa-eleitoral-do-datafolha","status":"publish","type":"post","link":"https:\/\/www.caririemacao.com\/1\/2018\/01\/30\/bolsonaro-pede-ao-tse-suspensao-de-pesquisa-eleitoral-do-datafolha\/","title":{"rendered":"Bolsonaro pede ao TSE suspens\u00e3o de pesquisa eleitoral do Datafolha"},"content":{"rendered":"<p>A defesa do deputado federal Jair Bolsonaro (PSC-RJ) protocolou,\u00a0no Tribunal Superior Eleitoral (TSE), nesta ter\u00e7a-feira (30), representa\u00e7\u00e3o que pede a\u00a0impugna\u00e7\u00e3o\u00a0de pesquisa eleitoral promovida pelo jornal Folha da Manh\u00e3 e realizada pelo instituto Datafolha. Solicita ainda que o material, registrado no tribunal sob o n\u00famero BR-05351\/2018, seja impedido de circular em definitivo. A previs\u00e3o era de que\u00a0a pesquisa fosse divulgada nesta quarta-feira (31).<\/p>\n<p>Os advogados do pol\u00edtico afirmam que a pesquisa, al\u00e9m de pretender aferir a inten\u00e7\u00e3o de voto para as elei\u00e7\u00f5es presidenciais de 2018, cont\u00e9m questionamentos sobre a opini\u00e3o dos potenciais eleitores sobre\u00a0circunst\u00e2ncias atuais da pol\u00edtica nacional e dos seus protagonistas.<\/p>\n<p>\u201cNesse ponto, os questionamentos apresentados se revelam tendenciosos, com n\u00edtido objetivo de manipular, n\u00e3o apenas o eleitor consultado, mas tamb\u00e9m aqueles que do seu conte\u00fado tiverem conhecimento, tudo isso em benef\u00edcio de uma determinada candidatura, cujo registro perante o TSE \u00e9 natimorto. De outro lado, ao candidato ora representante, a &#8216;pesquisa&#8217; reserva tratamento difamat\u00f3rio, baseado em premissa reconhecidamente falsa\u201d, diz a defesa de Bolsonaro.<\/p>\n<p>Os advogados se referiram \u00e0 pergunta que diz:\u00a0&#8220;Voc\u00ea tomou conhecimento sobre den\u00fancias envolvendo o aumento do patrim\u00f4nio da fam\u00edlia do deputado Jair Bolsonaro desde o in\u00edcio da sua carreira pol\u00edtica?&#8221;<\/p>\n<p>A quest\u00e3o est\u00e1 relacionada \u00e0 reportagem da Folha de S. Paulo sobre o patrim\u00f4nio do deputados e de seus tr\u00eas filhos, que tamb\u00e9m exercem mandatos pol\u00edticos. O quarteto \u00e9\u00a0dono de 13 im\u00f3veis com pre\u00e7o de mercado de pelo menos R$ 15 milh\u00f5es. Levantamento feito pelo jornal em cart\u00f3rios identificou que os principais apartamentos e casas, comprados nos \u00faltimos dez anos, registram pre\u00e7o de aquisi\u00e7\u00e3o bem abaixo da avalia\u00e7\u00e3o da Prefeitura do Rio \u00e0 \u00e9poca.<\/p>\n<p>No entanto, a defesa do deputado e presidenci\u00e1vel\u00a0destaca que ele n\u00e3o\u00a0foi\u00a0denunciado\u00a0pelo Minist\u00e9rio P\u00fablico\u00a0em raz\u00e3o de acr\u00e9scimo de patrim\u00f4nio.\u00a0Em raz\u00e3o do recesso forense, que somente terminar\u00e1 dia 1\u00ba de fevereiro, a an\u00e1lise do pedido de cautelar dever\u00e1 ser feita pela presid\u00eancia dao TSE.<\/p>\n<p><strong>CARIRI EM A\u00c7\u00c3O<\/strong><\/p>\n<p><em>Com\u00a0 Pol\u00edtica ao minuto\/Foto: Reprodu\u00e7\u00e3o Internet<\/em><\/p>\n<p><strong>Leia mais not\u00edcias em\u00a0<\/strong><a href=\"http:\/\/www.caririemacao.com\/\"><strong>caririemacao.com<\/strong><\/a><strong>, siga nossa p\u00e1gina no\u00a0<\/strong><a href=\"https:\/\/www.facebook.com\/CaririEmAcao\/?ref=aymt_homepage_panel\"><strong>Facebook<\/strong><\/a>,<strong>\u00a0<\/strong><a href=\"https:\/\/www.instagram.com\/cariri_em_acao\/?hl=pt-br\"><strong>Instagram<\/strong><\/a><strong>\u00a0e\u00a0<\/strong><a href=\"https:\/\/www.youtube.com\/channel\/UCAptA0jQuYQy8vMhLt2m4qg\"><strong>Youtube<\/strong><\/a><strong>\u00a0e veja nossas mat\u00e9rias, v\u00eddeos e fotos. Voc\u00ea tamb\u00e9m pode enviar informa\u00e7\u00f5es \u00e0 Reda\u00e7\u00e3o do Portal Cariri em A\u00e7\u00e3o pelo WhatsApp (83) 9 9634.5791, (83) 9 9601-1162.<\/strong><\/p>\n","protected":false},"excerpt":{"rendered":"<p>A defesa do deputado federal Jair Bolsonaro (PSC-RJ) protocolou,\u00a0no Tribunal Superior Eleitoral (TSE), nesta ter\u00e7a-feira (30), representa\u00e7\u00e3o que pede a\u00a0impugna\u00e7\u00e3o\u00a0de pesquisa eleitoral promovida pelo jornal&hellip; <\/p>\n","protected":false},"author":2,"featured_media":25031,"comment_status":"closed","ping_status":"closed","sticky":false,"template":"","format":"standard","meta":{"sfsi_plus_gutenberg_text_before_share":"","sfsi_plus_gutenberg_show_text_before_share":"","sfsi_plus_gutenberg_icon_type":"","sfsi_plus_gutenberg_icon_alignemt":"","sfsi_plus_gutenburg_max_per_row":"","footnotes":""},"categories":[11],"tags":[],"class_list":["post-39262","post","type-post","status-publish","format-standard","has-post-thumbnail","hentry","category-politica"],"_links":{"self":[{"href":"https:\/\/www.caririemacao.com\/1\/wp-json\/wp\/v2\/posts\/39262","targetHints":{"allow":["GET"]}}],"collection":[{"href":"https:\/\/www.caririemacao.com\/1\/wp-json\/wp\/v2\/posts"}],"about":[{"href":"https:\/\/www.caririemacao.com\/1\/wp-json\/wp\/v2\/types\/post"}],"author":[{"embeddable":true,"href":"https:\/\/www.caririemacao.com\/1\/wp-json\/wp\/v2\/users\/2"}],"replies":[{"embeddable":true,"href":"https:\/\/www.caririemacao.com\/1\/wp-json\/wp\/v2\/comments?post=39262"}],"version-history":[{"count":0,"href":"https:\/\/www.caririemacao.com\/1\/wp-json\/wp\/v2\/posts\/39262\/revisions"}],"wp:featuredmedia":[{"embeddable":true,"href":"https:\/\/www.caririemacao.com\/1\/wp-json\/wp\/v2\/media\/25031"}],"wp:attachment":[{"href":"https:\/\/www.caririemacao.com\/1\/wp-json\/wp\/v2\/media?parent=39262"}],"wp:term":[{"taxonomy":"category","embeddable":true,"href":"https:\/\/www.caririemacao.com\/1\/wp-json\/wp\/v2\/categories?post=39262"},{"taxonomy":"post_tag","embeddable":true,"href":"https:\/\/www.caririemacao.com\/1\/wp-json\/wp\/v2\/tags?post=39262"}],"curies":[{"name":"wp","href":"https:\/\/api.w.org\/{rel}","templated":true}]}}