{"id":39270,"date":"2018-01-30T19:26:56","date_gmt":"2018-01-30T22:26:56","guid":{"rendered":"http:\/\/caririemacao.com\/1\/?p=39270"},"modified":"2018-01-30T19:26:56","modified_gmt":"2018-01-30T22:26:56","slug":"secretaria-de-saude-da-pb-divulga-lista-de-locais-para-vacinacao-contra-febre-amarela","status":"publish","type":"post","link":"https:\/\/www.caririemacao.com\/1\/2018\/01\/30\/secretaria-de-saude-da-pb-divulga-lista-de-locais-para-vacinacao-contra-febre-amarela\/","title":{"rendered":"Secretaria de Sa\u00fade da PB divulga lista de locais para vacina\u00e7\u00e3o contra febre amarela"},"content":{"rendered":"<div class=\"mc-column content-text active-extra-styles active-capital-letter\" data-block-type=\"unstyled\" data-block-weight=\"58\" data-block-id=\"2\">\n<p class=\"content-text__container theme-color-primary-first-letter\" data-track-category=\"Link no Texto\" data-track-links=\"\">A Secretaria Estadual de Sa\u00fade (SES) divulgou nesta ter\u00e7a-feira (30) uma lista dos locais onde \u00e9 poss\u00edvel se vacinar contra a febre amarela na Para\u00edba.\u00a0Uma rela\u00e7\u00e3o de lugares considerados zona end\u00eamica da doen\u00e7a, tamb\u00e9m foi divulgada, para que as pessoas com viagem marcada para um desses lugares possam procurar os centros de imuniza\u00e7\u00e3o e tomar a vacina.<\/p>\n<\/div>\n<div class=\"mc-column content-text active-extra-styles \" data-block-type=\"unstyled\" data-block-weight=\"34\" data-block-id=\"3\">\n<p class=\"content-text__container \" data-track-category=\"Link no Texto\" data-track-links=\"\">A SES lembra que a Para\u00edba \u00e9 considerada \u00e1rea livre para Febre Amarela, sem circula\u00e7\u00e3o viral, mas se faz necess\u00e1rio que os servi\u00e7os de sa\u00fade p\u00fablicos e privados estejam atentos a poss\u00edveis casos suspeitos.<\/p>\n<p class=\"content-text__container \" data-track-category=\"Link no Texto\" data-track-links=\"\">O N\u00facleo de Imuniza\u00e7\u00f5es da SES \u00e9 o setor respons\u00e1vel pela solicita\u00e7\u00e3o, recebimento, distribui\u00e7\u00e3o e monitoramento dos registros de doses aplicadas, alimentadas pelos 17 munic\u00edpios que s\u00e3o refer\u00eancias para administra\u00e7\u00e3o da vacina.<\/p>\n<\/div>\n<div class=\"mc-column content-text active-extra-styles \" data-block-type=\"unstyled\" data-block-weight=\"14\" data-block-id=\"6\">\n<p class=\"content-text__container \" data-track-category=\"Link no Texto\" data-track-links=\"\">Veja abaixo lista dos servi\u00e7os para administra\u00e7\u00e3o da vacina contra febre amarela no estado<\/p>\n<\/div>\n<div data-track-category=\"fim do conteudo\" data-track-action=\"ultimo chunk conteudo\" data-track-noninteraction=\"false\" data-track-scroll=\"entrada completa viewport\">\n<div class=\"mc-column content-text active-extra-styles\" data-block-type=\"raw\" data-block-weight=\"181\" data-block-id=\"7\">\n<ul class=\"content-unordered-list\">\n<li><strong>Jo\u00e3o Pessoa<\/strong><br \/>\nCentro Municipal de Imuniza\u00e7\u00f5es (Antigo Lact\u00e1rio da Torre)<br \/>\nAv Ruy Barbosa-Torre;<\/li>\n<li><strong>Bayeux<\/strong><br \/>\nPSF SESI I<br \/>\nAV Liberdade \u2013 Bairro SESI, pr\u00f3ximo a Igreja cat\u00f3lica;<\/li>\n<li><strong>Cabedelo<\/strong><br \/>\nPolicl\u00ednica<br \/>\nRua: S\u00e3o Sebasti\u00e3o, S\/N \u2013 Camalau;<\/li>\n<li><strong>Guarabira<\/strong><br \/>\nPSF Buriti<br \/>\nRua Jos\u00e9 Epaminondas-Bairro Novo;<\/li>\n<li><strong>Campina Grande<\/strong><br \/>\nHospital Dr. Edgley<br \/>\nRua: Fernandes Vieira, 659 &#8211; Bairro Jos\u00e9 Pinheiro;<\/li>\n<li><strong>Cuit\u00e9<\/strong><br \/>\nPSF Ezequias<br \/>\nRua: Projeta S\/N \u2013 Bairro Novo Retiro;<\/li>\n<li><strong>Picu\u00ed<\/strong><br \/>\nPSF Centro<br \/>\nRua: S\u00e3o Sebasti\u00e3o, S\/N \u2013Bairro Centro;<\/li>\n<li><strong>Monteiro<\/strong><br \/>\nPSF Centro<br \/>\nRua: Pedro Ferreira de Lima, 115;<\/li>\n<li><strong>Sum\u00e9<\/strong><br \/>\nPSF IV Maria do Carmo Ramos<br \/>\nRua: Francisco de Melo;<\/li>\n<li><strong>Patos<\/strong><br \/>\nSede da Ger\u00eancia Regional de Sa\u00fade<br \/>\nRua: Hor\u00e1cio N\u00f3brega, S\/N;<\/li>\n<li><strong>Pianc\u00f3<\/strong><br \/>\nPSF Fernando Vieira<br \/>\nRua: Jo\u00e3o Pereira da Fonseca;<\/li>\n<li><strong>Catol\u00e9 do Rocha<\/strong><br \/>\nPSF Centro<br \/>\nRua: Marcilon Cavalcante\/N Bairro Noel Veras;<\/li>\n<li><strong>S\u00e3o Bento<\/strong><br \/>\nPSF Jos\u00e9 Maia da Cruz<br \/>\nRua: Ruy Carneiro, 428-Bairro Centro;<\/li>\n<li><strong>Cajazeiras<\/strong><br \/>\nPSF Sim\u00e3o de Oliveira<br \/>\nRua: Coronel Juv\u00eancio Carneiro-Bairro Centro;<\/li>\n<li><strong>Sousa<\/strong><br \/>\nSede da Ger\u00eancia Regional de Sa\u00fade<br \/>\nRua: Projetada S\/N-Bairro Bela Vista;<\/li>\n<li><strong>Princesa Isabel<\/strong><br \/>\nPSF Centro I<br \/>\nRua: Abra\u00e3o Barros Diniz, S\/N;<\/li>\n<li><strong>Itabaiana<\/strong><br \/>\nPolicl\u00ednica Dr. Aglair da Silva<br \/>\nAv: Vereador Lu\u00eds Marins de Carvalho, S\/N.<\/li>\n<\/ul>\n<p><strong>CARIRI EMC A\u00c7\u00c3O<\/strong><\/p>\n<p><em>Com G1\/Foto:\u00a0Divulga\u00e7\u00e3o\/Prefeitura de Campos<\/em><\/p>\n<p><strong>Leia mais not\u00edcias em\u00a0<\/strong><a href=\"http:\/\/www.caririemacao.com\/\"><strong>caririemacao.com<\/strong><\/a><strong>, siga nossa p\u00e1gina no\u00a0<\/strong><a href=\"https:\/\/www.facebook.com\/CaririEmAcao\/?ref=aymt_homepage_panel\"><strong>Facebook<\/strong><\/a>,<strong>\u00a0<\/strong><a href=\"https:\/\/www.instagram.com\/cariri_em_acao\/?hl=pt-br\"><strong>Instagram<\/strong><\/a><strong>\u00a0e\u00a0<\/strong><a href=\"https:\/\/www.youtube.com\/channel\/UCAptA0jQuYQy8vMhLt2m4qg\"><strong>Youtube<\/strong><\/a><strong>\u00a0e veja nossas mat\u00e9rias, v\u00eddeos e fotos. Voc\u00ea tamb\u00e9m pode enviar informa\u00e7\u00f5es \u00e0 Reda\u00e7\u00e3o do Portal Cariri em A\u00e7\u00e3o pelo WhatsApp (83) 9 9634.5791, (83) 9 9601-1162.<\/strong><\/p>\n<\/div>\n<\/div>\n","protected":false},"excerpt":{"rendered":"<p>A Secretaria Estadual de Sa\u00fade (SES) divulgou nesta ter\u00e7a-feira (30) uma lista dos locais onde \u00e9 poss\u00edvel se vacinar contra a febre amarela na Para\u00edba.\u00a0Uma&hellip; <\/p>\n","protected":false},"author":2,"featured_media":39271,"comment_status":"closed","ping_status":"closed","sticky":false,"template":"","format":"standard","meta":{"sfsi_plus_gutenberg_text_before_share":"","sfsi_plus_gutenberg_show_text_before_share":"","sfsi_plus_gutenberg_icon_type":"","sfsi_plus_gutenberg_icon_alignemt":"","sfsi_plus_gutenburg_max_per_row":"","footnotes":""},"categories":[2],"tags":[],"class_list":["post-39270","post","type-post","status-publish","format-standard","has-post-thumbnail","hentry","category-geral"],"_links":{"self":[{"href":"https:\/\/www.caririemacao.com\/1\/wp-json\/wp\/v2\/posts\/39270","targetHints":{"allow":["GET"]}}],"collection":[{"href":"https:\/\/www.caririemacao.com\/1\/wp-json\/wp\/v2\/posts"}],"about":[{"href":"https:\/\/www.caririemacao.com\/1\/wp-json\/wp\/v2\/types\/post"}],"author":[{"embeddable":true,"href":"https:\/\/www.caririemacao.com\/1\/wp-json\/wp\/v2\/users\/2"}],"replies":[{"embeddable":true,"href":"https:\/\/www.caririemacao.com\/1\/wp-json\/wp\/v2\/comments?post=39270"}],"version-history":[{"count":0,"href":"https:\/\/www.caririemacao.com\/1\/wp-json\/wp\/v2\/posts\/39270\/revisions"}],"wp:featuredmedia":[{"embeddable":true,"href":"https:\/\/www.caririemacao.com\/1\/wp-json\/wp\/v2\/media\/39271"}],"wp:attachment":[{"href":"https:\/\/www.caririemacao.com\/1\/wp-json\/wp\/v2\/media?parent=39270"}],"wp:term":[{"taxonomy":"category","embeddable":true,"href":"https:\/\/www.caririemacao.com\/1\/wp-json\/wp\/v2\/categories?post=39270"},{"taxonomy":"post_tag","embeddable":true,"href":"https:\/\/www.caririemacao.com\/1\/wp-json\/wp\/v2\/tags?post=39270"}],"curies":[{"name":"wp","href":"https:\/\/api.w.org\/{rel}","templated":true}]}}