{"id":39273,"date":"2018-01-30T19:35:24","date_gmt":"2018-01-30T22:35:24","guid":{"rendered":"http:\/\/caririemacao.com\/1\/?p=39273"},"modified":"2018-01-30T19:35:24","modified_gmt":"2018-01-30T22:35:24","slug":"banco-do-brasil-sofre-nova-derrota-na-justica-por-se-negar-a-liberar-emprestimos-ao-governo-da-paraiba","status":"publish","type":"post","link":"https:\/\/www.caririemacao.com\/1\/2018\/01\/30\/banco-do-brasil-sofre-nova-derrota-na-justica-por-se-negar-a-liberar-emprestimos-ao-governo-da-paraiba\/","title":{"rendered":"Banco do Brasil sofre nova derrota na Justi\u00e7a por se negar a liberar empr\u00e9stimos ao Governo da Para\u00edba"},"content":{"rendered":"<p>O Tribunal de Justi\u00e7a da Para\u00edba (TJPB) manteve, nesta ter\u00e7a-feira (30), a decis\u00e3o da 1\u00aa Vara da Fazenda P\u00fablica da Comarca da Capital, que determinou o Banco do Brasil a liberar empr\u00e9stimos de aproximadamente R$ 150 milh\u00f5es ao Governo do Estado, sob pena de multa que pode chegar a R$ 10 milh\u00f5es.<\/p>\n<p>A nova derrota judicial do Banco do Brasil foi expedida pelo juiz Alu\u00edzio Bezerra, que indeferiu um agravo de instrumento, com pedido de efeito suspensivo, interposto pela institui\u00e7\u00e3o financeira.<\/p>\n<p>Em seu despacho, o juiz Alu\u00edzio Bezerra tamb\u00e9m determinou que fossem encaminhadas ao Minist\u00e9rio P\u00fablico pe\u00e7as do processo para a instaura\u00e7\u00e3o de inqu\u00e9rito, por considerar que o Banco do Brasil vem descumprindo a determina\u00e7\u00e3o judicial expedida no in\u00edcio de janeiro pela 2\u00aa Turma Recursal Permanente da Capital.<\/p>\n<h2><strong>Entenda o caso<\/strong><\/h2>\n<p>No dia 1\u00ba de novembro de 2017, o Supremo Tribunal Federal (STF) autorizou liminarmente a libera\u00e7\u00e3o dos empr\u00e9stimos contratados pelo Governo da Para\u00edba que tinham sido bloqueados pela Secretaria do Tesouro Nacional (STN).<\/p>\n<p>No dia 2 de janeiro, o juiz Jos\u00e9 Ferreira Ramos J\u00fanior, da 2\u00aa Turma Recursal Permanente da Capital, determinou a tutela provis\u00f3ria antecipada de urg\u00eancia, obrigando o Banco do Brasil a assinar as opera\u00e7\u00f5es de cr\u00e9dito ao Governo da Para\u00edba.<\/p>\n<p>Como o Banco do Brasil n\u00e3o acatou a decis\u00e3o da 2\u00aa Turma Recursal, a Procuradoria-Geral do Estado (PGE) acionou a 1\u00aa Vara da Fazenda P\u00fablica de Jo\u00e3o Pessoa, pedindo a pris\u00e3o da superintendente do Banco do Brasil na Para\u00edba, o aumento a multa imposta pelo juiz Jos\u00e9 Ferreira Ramos J\u00fanior e, agora, a condena\u00e7\u00e3o da institui\u00e7\u00e3o financeira por litig\u00e2ncia de m\u00e1-f\u00e9.<\/p>\n<p>Dias depois, a ju\u00edza Fl\u00e1via da Costa Lins Cavalcanti, da 1\u00aa Vara da Fazenda P\u00fablica da Capital, rejeitou os embargos de declara\u00e7\u00e3o impetrados pelo Banco do Brasil para reformular a decis\u00e3o da 2\u00aa Turma Recursal Permanente de Jo\u00e3o Pessoa e determinou que a institui\u00e7\u00e3o financeira cumprisse a determina\u00e7\u00e3o do juiz Jos\u00e9 Ferreira Ramos J\u00fanior.<\/p>\n<p><a href=\"http:\/\/caririemacao.com\/1\/wp-content\/uploads\/2018\/01\/2018-01-30-PHOTO-00009453.jpg\"><img fetchpriority=\"high\" decoding=\"async\" class=\"aligncenter size-full wp-image-39274\" src=\"http:\/\/caririemacao.com\/1\/wp-content\/uploads\/2018\/01\/2018-01-30-PHOTO-00009453.jpg\" alt=\"\" width=\"723\" height=\"1101\" srcset=\"https:\/\/www.caririemacao.com\/1\/wp-content\/uploads\/2018\/01\/2018-01-30-PHOTO-00009453.jpg 723w, https:\/\/www.caririemacao.com\/1\/wp-content\/uploads\/2018\/01\/2018-01-30-PHOTO-00009453-197x300.jpg 197w, https:\/\/www.caririemacao.com\/1\/wp-content\/uploads\/2018\/01\/2018-01-30-PHOTO-00009453-672x1024.jpg 672w\" sizes=\"(max-width: 723px) 100vw, 723px\" \/><\/a><\/p>\n<p>&nbsp;<\/p>\n<p><strong>CARIRI EM A\u00c7\u00c3O<\/strong><\/p>\n<p><em>Com Para\u00edba J\u00e1\/Foto: Reprodu\u00e7\u00e3o Internet<\/em><\/p>\n<p><strong>Leia mais not\u00edcias em\u00a0<\/strong><a href=\"http:\/\/www.caririemacao.com\/\"><strong>caririemacao.com<\/strong><\/a><strong>, siga nossa p\u00e1gina no\u00a0<\/strong><a href=\"https:\/\/www.facebook.com\/CaririEmAcao\/?ref=aymt_homepage_panel\"><strong>Facebook<\/strong><\/a>,<strong>\u00a0<\/strong><a href=\"https:\/\/www.instagram.com\/cariri_em_acao\/?hl=pt-br\"><strong>Instagram<\/strong><\/a><strong>\u00a0e\u00a0<\/strong><a href=\"https:\/\/www.youtube.com\/channel\/UCAptA0jQuYQy8vMhLt2m4qg\"><strong>Youtube<\/strong><\/a><strong>\u00a0e veja nossas mat\u00e9rias, v\u00eddeos e fotos. Voc\u00ea tamb\u00e9m pode enviar informa\u00e7\u00f5es \u00e0 Reda\u00e7\u00e3o do Portal Cariri em A\u00e7\u00e3o pelo WhatsApp (83) 9 9634.5791, (83) 9 9601-1162.<\/strong><\/p>\n","protected":false},"excerpt":{"rendered":"<p>O Tribunal de Justi\u00e7a da Para\u00edba (TJPB) manteve, nesta ter\u00e7a-feira (30), a decis\u00e3o da 1\u00aa Vara da Fazenda P\u00fablica da Comarca da Capital, que determinou&hellip; <\/p>\n","protected":false},"author":2,"featured_media":8023,"comment_status":"closed","ping_status":"closed","sticky":false,"template":"","format":"standard","meta":{"sfsi_plus_gutenberg_text_before_share":"","sfsi_plus_gutenberg_show_text_before_share":"","sfsi_plus_gutenberg_icon_type":"","sfsi_plus_gutenberg_icon_alignemt":"","sfsi_plus_gutenburg_max_per_row":"","footnotes":""},"categories":[2],"tags":[],"class_list":["post-39273","post","type-post","status-publish","format-standard","has-post-thumbnail","hentry","category-geral"],"_links":{"self":[{"href":"https:\/\/www.caririemacao.com\/1\/wp-json\/wp\/v2\/posts\/39273","targetHints":{"allow":["GET"]}}],"collection":[{"href":"https:\/\/www.caririemacao.com\/1\/wp-json\/wp\/v2\/posts"}],"about":[{"href":"https:\/\/www.caririemacao.com\/1\/wp-json\/wp\/v2\/types\/post"}],"author":[{"embeddable":true,"href":"https:\/\/www.caririemacao.com\/1\/wp-json\/wp\/v2\/users\/2"}],"replies":[{"embeddable":true,"href":"https:\/\/www.caririemacao.com\/1\/wp-json\/wp\/v2\/comments?post=39273"}],"version-history":[{"count":0,"href":"https:\/\/www.caririemacao.com\/1\/wp-json\/wp\/v2\/posts\/39273\/revisions"}],"wp:featuredmedia":[{"embeddable":true,"href":"https:\/\/www.caririemacao.com\/1\/wp-json\/wp\/v2\/media\/8023"}],"wp:attachment":[{"href":"https:\/\/www.caririemacao.com\/1\/wp-json\/wp\/v2\/media?parent=39273"}],"wp:term":[{"taxonomy":"category","embeddable":true,"href":"https:\/\/www.caririemacao.com\/1\/wp-json\/wp\/v2\/categories?post=39273"},{"taxonomy":"post_tag","embeddable":true,"href":"https:\/\/www.caririemacao.com\/1\/wp-json\/wp\/v2\/tags?post=39273"}],"curies":[{"name":"wp","href":"https:\/\/api.w.org\/{rel}","templated":true}]}}