{"id":39283,"date":"2018-01-31T06:39:30","date_gmt":"2018-01-31T09:39:30","guid":{"rendered":"http:\/\/caririemacao.com\/1\/?p=39283"},"modified":"2018-01-31T06:39:30","modified_gmt":"2018-01-31T09:39:30","slug":"meirelles-acredita-na-aprovacao-da-reforma-da-previdencia","status":"publish","type":"post","link":"https:\/\/www.caririemacao.com\/1\/2018\/01\/31\/meirelles-acredita-na-aprovacao-da-reforma-da-previdencia\/","title":{"rendered":"Meirelles acredita na aprova\u00e7\u00e3o da reforma da Previd\u00eancia"},"content":{"rendered":"<p>Meirelles justificou a necessidade da reforma dizendo que o atual regime da Previd\u00eancia \u00e9 injusto. \u201cEst\u00e1 ficando cada dia mais claro \u00e9 que o sistema atual de previd\u00eancia no Brasil \u00e9 um sistema injusto e que o que est\u00e1 sendo proposto, a nova Previd\u00eancia, \u00e9 um sistema que estabelece uma maior justi\u00e7a, uma maior equidade entre todos\u201d.<\/p>\n<p>De acordo com o ministro, as pessoas que ganham menos \u2013 os 20% de menor renda da popula\u00e7\u00e3o \u2013 tendem a n\u00e3o conseguir ter carteira assinada durante os 35 anos exigidos pela Constitui\u00e7\u00e3o e acabam se aposentando por idade. \u201cPode se aposentar antes para quem faz os 35 anos de contribui\u00e7\u00e3o, que tendem a ser pessoas de renda maior. Portanto, existe j\u00e1 uma quest\u00e3o de n\u00e3o equidade e o novo sistema \u00e9 mais justo\u201d, defendeu Meirelles.<\/p>\n<p>Outra quest\u00e3o apresentada por ele \u00e9 o problema fiscal. \u201cHoje, se n\u00f3s olharmos os dados que foram divulgados h\u00e1 uma semana, 57% do total do Or\u00e7amento foi despesa da Previd\u00eancia. \u00c9 insustent\u00e1vel isso. O d\u00e9ficit da Previd\u00eancia \u00e9 maior do que o total de d\u00e9ficit p\u00fablico do governo. Portanto, \u00e9 mandat\u00f3rio [aprovar a reforma] por qu\u00ea? Porque isso est\u00e1 crescendo, quer dizer, de 57% vai para 80% em alguns anos e n\u00e3o vai haver dinheiro para educa\u00e7\u00e3o, para sa\u00fade, para seguran\u00e7a, ent\u00e3o isso \u00e9 insustent\u00e1vel\u201d, disse.<\/p>\n<p>&nbsp;<\/p>\n<p><strong>CARIRI EMC A\u00c7\u00c3O<\/strong><\/p>\n<p><em>Com Bras\u00edlia de Fato\/Foto:\u00a0Bras\u00edlia de Fato<\/em><\/p>\n<p><strong>Leia mais not\u00edcias em\u00a0<\/strong><a href=\"http:\/\/www.caririemacao.com\/\"><strong>caririemacao.com<\/strong><\/a><strong>, siga nossa p\u00e1gina no\u00a0<\/strong><a href=\"https:\/\/www.facebook.com\/CaririEmAcao\/?ref=aymt_homepage_panel\"><strong>Facebook<\/strong><\/a>,<strong>\u00a0<\/strong><a href=\"https:\/\/www.instagram.com\/cariri_em_acao\/?hl=pt-br\"><strong>Instagram<\/strong><\/a><strong>\u00a0e\u00a0<\/strong><a href=\"https:\/\/www.youtube.com\/channel\/UCAptA0jQuYQy8vMhLt2m4qg\"><strong>Youtube<\/strong><\/a><strong>\u00a0e veja nossas mat\u00e9rias, v\u00eddeos e fotos. Voc\u00ea tamb\u00e9m pode enviar informa\u00e7\u00f5es \u00e0 Reda\u00e7\u00e3o do Portal Cariri em A\u00e7\u00e3o pelo WhatsApp (83) 9 9634.5791, (83) 9 9601-1162.<\/strong><\/p>\n","protected":false},"excerpt":{"rendered":"<p>Meirelles justificou a necessidade da reforma dizendo que o atual regime da Previd\u00eancia \u00e9 injusto. \u201cEst\u00e1 ficando cada dia mais claro \u00e9 que o sistema&hellip; <\/p>\n","protected":false},"author":2,"featured_media":39284,"comment_status":"closed","ping_status":"closed","sticky":false,"template":"","format":"standard","meta":{"sfsi_plus_gutenberg_text_before_share":"","sfsi_plus_gutenberg_show_text_before_share":"","sfsi_plus_gutenberg_icon_type":"","sfsi_plus_gutenberg_icon_alignemt":"","sfsi_plus_gutenburg_max_per_row":"","footnotes":""},"categories":[11],"tags":[],"class_list":["post-39283","post","type-post","status-publish","format-standard","has-post-thumbnail","hentry","category-politica"],"_links":{"self":[{"href":"https:\/\/www.caririemacao.com\/1\/wp-json\/wp\/v2\/posts\/39283","targetHints":{"allow":["GET"]}}],"collection":[{"href":"https:\/\/www.caririemacao.com\/1\/wp-json\/wp\/v2\/posts"}],"about":[{"href":"https:\/\/www.caririemacao.com\/1\/wp-json\/wp\/v2\/types\/post"}],"author":[{"embeddable":true,"href":"https:\/\/www.caririemacao.com\/1\/wp-json\/wp\/v2\/users\/2"}],"replies":[{"embeddable":true,"href":"https:\/\/www.caririemacao.com\/1\/wp-json\/wp\/v2\/comments?post=39283"}],"version-history":[{"count":0,"href":"https:\/\/www.caririemacao.com\/1\/wp-json\/wp\/v2\/posts\/39283\/revisions"}],"wp:featuredmedia":[{"embeddable":true,"href":"https:\/\/www.caririemacao.com\/1\/wp-json\/wp\/v2\/media\/39284"}],"wp:attachment":[{"href":"https:\/\/www.caririemacao.com\/1\/wp-json\/wp\/v2\/media?parent=39283"}],"wp:term":[{"taxonomy":"category","embeddable":true,"href":"https:\/\/www.caririemacao.com\/1\/wp-json\/wp\/v2\/categories?post=39283"},{"taxonomy":"post_tag","embeddable":true,"href":"https:\/\/www.caririemacao.com\/1\/wp-json\/wp\/v2\/tags?post=39283"}],"curies":[{"name":"wp","href":"https:\/\/api.w.org\/{rel}","templated":true}]}}