{"id":39289,"date":"2018-01-31T06:47:40","date_gmt":"2018-01-31T09:47:40","guid":{"rendered":"http:\/\/caririemacao.com\/1\/?p=39289"},"modified":"2018-01-31T06:47:40","modified_gmt":"2018-01-31T09:47:40","slug":"stj-nega-pedido-para-evitar-prisao-de-lula-apos-segunda-instancia","status":"publish","type":"post","link":"https:\/\/www.caririemacao.com\/1\/2018\/01\/31\/stj-nega-pedido-para-evitar-prisao-de-lula-apos-segunda-instancia\/","title":{"rendered":"STJ nega pedido para evitar pris\u00e3o de Lula ap\u00f3s segunda inst\u00e2ncia"},"content":{"rendered":"<div class=\"style_text\">\n<p>O vice-presidente do Superior Tribunal de Justi\u00e7a (STJ), ministro Humberto Martins, negou hoje (30)\u00a0<em>habeas corpus<\/em>\u00a0preventivo para evitar a pris\u00e3o do ex-presidente Luiz In\u00e1cio Lula da Silva.<\/p>\n<p>Na decis\u00e3o, Martins, que est\u00e1 no exerc\u00edcio da presid\u00eancia do STJ, negou pedido feito pela defesa do ex-presidente para impedir a eventual execu\u00e7\u00e3o provis\u00f3ria da condena\u00e7\u00e3o, ap\u00f3s o \u00faltimo recurso que ser\u00e1 julgado pelo Tribunal Regional Federal da 4\u00aa Regi\u00e3o (TRF4), sediado em Porto Alegre.<\/p>\n<p>Ao negar o\u00a0<em>habeas corpus<\/em>, o ministro entendeu que a decis\u00e3o do TRF-4 garantiu que Lula n\u00e3o ser\u00e1 preso antes da aprecia\u00e7\u00e3o do \u00faltimo recurso, e, dessa forma, n\u00e3o h\u00e1 urg\u00eancia que justifique a concess\u00e3o da medida cautelar.<\/p>\n<p>&#8220;Por outro lado, tamb\u00e9m n\u00e3o h\u00e1 plausibilidade do direito invocado pelo impetrante, pois a possibilidade de execu\u00e7\u00e3o provis\u00f3ria da pena encontra amparo na jurisprud\u00eancia das Cortes Superiores&#8221;, decidiu o ministro.<\/p>\n<p>A possibilidade de pris\u00e3o para execu\u00e7\u00e3o provis\u00f3ria da condena\u00e7\u00e3o do ex-presidente ocorre em fun\u00e7\u00e3o do entendimento do Supremo Tribunal Federal (STF), que valida pris\u00e3o de condenados pela segunda inst\u00e2ncia da Justi\u00e7a, mesmo cabendo recurso aos tribunais superiores.<\/p>\n<p>No\u00a0<em>habeas corpus<\/em>\u00a0preventivo, a defesa de Lula alegou que o entendimento do STF sobre a pris\u00e3o ap\u00f3s a segunda inst\u00e2ncia n\u00e3o \u00e9 vinculante, ou seja, de aplica\u00e7\u00e3o obrigat\u00f3ria. Dessa forma, segundo os advogados, o TRF4 n\u00e3o poderia ter determinado a execu\u00e7\u00e3o provis\u00f3ria da condena\u00e7\u00e3o, na decis\u00e3o da semana passada.<\/p>\n<p>&#8220;Se n\u00e3o \u00e9 poss\u00edvel o cumprimento antecipado da pena a partir do ac\u00f3rd\u00e3o que realiza simples men\u00e7\u00e3o aos julgados da Excelsa Corte [STF] que o autorizaram, que dir\u00e1 da decis\u00e3o que apenas faz refer\u00eancia a entendimento sumular do Tribunal Regional?&#8221;, questionou a defesa.<\/p>\n<p>Em nota, a defesa de Lula informou que vai usar os meios jur\u00eddicos cab\u00edveis para assegurar as garantias fundamentais do ex-presidente.<\/p>\n<p>\u201cA Constitui\u00e7\u00e3o Federal assegura ao ex-presidente Lula a garantia da presun\u00e7\u00e3o de inoc\u00eancia e o direito de recorrer da condena\u00e7\u00e3o ileg\u00edtima que lhe foi imposta sem antecipa\u00e7\u00e3o de cumprimento de pena. A defesa usar\u00e1 dos meios jur\u00eddicos cab\u00edveis para fazer prevalecer as garantias fundamentais de Lula, que n\u00e3o pode ser privado de sua liberdade com base em uma condena\u00e7\u00e3o que lhe atribuiu a pr\u00e1tica de il\u00edcitos que ele jamais cometeu no \u00e2mbito de um processo marcado por flagrantes nulidades\u201d, diz a nota.<\/p>\n<p><strong>CARIRI EMC A\u00c7\u00c3O<\/strong><\/p>\n<p><em>Com Ag\u00eancia Brasil<\/em><em>\/Foto: Reprodu\u00e7\u00e3o google<\/em><\/p>\n<p><strong>Leia mais not\u00edcias em\u00a0<\/strong><a href=\"http:\/\/www.caririemacao.com\/\"><strong>caririemacao.com<\/strong><\/a><strong>, siga nossa p\u00e1gina no\u00a0<\/strong><a href=\"https:\/\/www.facebook.com\/CaririEmAcao\/?ref=aymt_homepage_panel\"><strong>Facebook<\/strong><\/a>,<strong>\u00a0<\/strong><a href=\"https:\/\/www.instagram.com\/cariri_em_acao\/?hl=pt-br\"><strong>Instagram<\/strong><\/a><strong>\u00a0e\u00a0<\/strong><a href=\"https:\/\/www.youtube.com\/channel\/UCAptA0jQuYQy8vMhLt2m4qg\"><strong>Youtube<\/strong><\/a><strong>\u00a0e veja nossas mat\u00e9rias, v\u00eddeos e fotos. Voc\u00ea tamb\u00e9m pode enviar informa\u00e7\u00f5es \u00e0 Reda\u00e7\u00e3o do Portal Cariri em A\u00e7\u00e3o pelo WhatsApp (83) 9 9634.5791, (83) 9 9601-1162.<\/strong><\/p>\n<\/div>\n","protected":false},"excerpt":{"rendered":"<p>O vice-presidente do Superior Tribunal de Justi\u00e7a (STJ), ministro Humberto Martins, negou hoje (30)\u00a0habeas corpus\u00a0preventivo para evitar a pris\u00e3o do ex-presidente Luiz In\u00e1cio Lula da&hellip; <\/p>\n","protected":false},"author":2,"featured_media":38645,"comment_status":"closed","ping_status":"closed","sticky":false,"template":"","format":"standard","meta":{"sfsi_plus_gutenberg_text_before_share":"","sfsi_plus_gutenberg_show_text_before_share":"","sfsi_plus_gutenberg_icon_type":"","sfsi_plus_gutenberg_icon_alignemt":"","sfsi_plus_gutenburg_max_per_row":"","footnotes":""},"categories":[11],"tags":[],"class_list":["post-39289","post","type-post","status-publish","format-standard","has-post-thumbnail","hentry","category-politica"],"_links":{"self":[{"href":"https:\/\/www.caririemacao.com\/1\/wp-json\/wp\/v2\/posts\/39289","targetHints":{"allow":["GET"]}}],"collection":[{"href":"https:\/\/www.caririemacao.com\/1\/wp-json\/wp\/v2\/posts"}],"about":[{"href":"https:\/\/www.caririemacao.com\/1\/wp-json\/wp\/v2\/types\/post"}],"author":[{"embeddable":true,"href":"https:\/\/www.caririemacao.com\/1\/wp-json\/wp\/v2\/users\/2"}],"replies":[{"embeddable":true,"href":"https:\/\/www.caririemacao.com\/1\/wp-json\/wp\/v2\/comments?post=39289"}],"version-history":[{"count":0,"href":"https:\/\/www.caririemacao.com\/1\/wp-json\/wp\/v2\/posts\/39289\/revisions"}],"wp:featuredmedia":[{"embeddable":true,"href":"https:\/\/www.caririemacao.com\/1\/wp-json\/wp\/v2\/media\/38645"}],"wp:attachment":[{"href":"https:\/\/www.caririemacao.com\/1\/wp-json\/wp\/v2\/media?parent=39289"}],"wp:term":[{"taxonomy":"category","embeddable":true,"href":"https:\/\/www.caririemacao.com\/1\/wp-json\/wp\/v2\/categories?post=39289"},{"taxonomy":"post_tag","embeddable":true,"href":"https:\/\/www.caririemacao.com\/1\/wp-json\/wp\/v2\/tags?post=39289"}],"curies":[{"name":"wp","href":"https:\/\/api.w.org\/{rel}","templated":true}]}}