{"id":39291,"date":"2018-01-31T07:15:32","date_gmt":"2018-01-31T10:15:32","guid":{"rendered":"http:\/\/caririemacao.com\/1\/?p=39291"},"modified":"2018-01-31T07:15:32","modified_gmt":"2018-01-31T10:15:32","slug":"oms-alerta-sobre-resistencia-generalizada-a-antibioticos","status":"publish","type":"post","link":"https:\/\/www.caririemacao.com\/1\/2018\/01\/31\/oms-alerta-sobre-resistencia-generalizada-a-antibioticos\/","title":{"rendered":"OMS alerta sobre resist\u00eancia generalizada a antibi\u00f3ticos"},"content":{"rendered":"<p>A OMS lan\u00e7ou no in\u00edcio desta semana o Sistema Mundial de Vigil\u00e2ncia da Resist\u00eancia aos Antimicrobianos, visando \u201cpadronizar a coleta de dados dos pa\u00edses para dar uma imagem mais completa dos padr\u00f5es e tend\u00eancias\u201d referentes ao assunto.<\/p>\n<p>Segundo a ag\u00eancia da ONU, o sistema n\u00e3o inclui dados sobre a resist\u00eancia da bact\u00e9ria que provoca a tuberculose, a Mycobacterium tuberculosis, porque o relat\u00f3rio global sobre a doen\u00e7a j\u00e1 inclui essas atualiza\u00e7\u00f5es desde 1994.<\/p>\n<p>Um estudo da OMS analisou pacientes com suspeita de infe\u00e7\u00e3o sangu\u00ednea em diversos pa\u00edses, onde as bact\u00e9rias resistentes a pelo menos um dos antibi\u00f3ticos variou de zero a 82%. A ag\u00eancia revelou ainda que a resist\u00eancia \u00e0 penicilina, usada h\u00e1 d\u00e9cadas para tratar a pneumonia, variou de zero a 5% entre os pa\u00edses que reportaram sua situa\u00e7\u00e3o. E uma propor\u00e7\u00e3o entre 8% a 65% de infectados pela bact\u00e9ria E. Coli apresentou resist\u00eancia ao antibi\u00f3tico ciprofloxacina que trata a infec\u00e7\u00e3o.<\/p>\n<p><strong>Brasil e Mo\u00e7ambique<\/strong><\/p>\n<p>Brasil e Mo\u00e7ambique s\u00e3os os \u00fanicos pa\u00edses de l\u00edngua portuguesa inclu\u00eddos no Sistema Global de Vigil\u00e2ncia Antimicrobiana da OMS, que envolve 25 pa\u00edses de alta renda, 20 de renda m\u00e9dia e sete de baixa renda. Timor-Leste est\u00e1 ainda por adotar as regras do sistema de vigil\u00e2ncia nacional. A OMS disse apoiar os pa\u00edses a criarem esses guias para que haja dados confi\u00e1veis e significativos sobre a sua situa\u00e7\u00e3o.<\/p>\n<p><strong>CARIRI EMC A\u00c7\u00c3O<\/strong><\/p>\n<p><em>Com Bras\u00edlia de Fato<\/em><em>\/Foto: Reprodu\u00e7\u00e3o google<\/em><\/p>\n<p><strong>Leia mais not\u00edcias em\u00a0<\/strong><a href=\"http:\/\/www.caririemacao.com\/\"><strong>caririemacao.com<\/strong><\/a><strong>, siga nossa p\u00e1gina no\u00a0<\/strong><a href=\"https:\/\/www.facebook.com\/CaririEmAcao\/?ref=aymt_homepage_panel\"><strong>Facebook<\/strong><\/a>,<strong>\u00a0<\/strong><a href=\"https:\/\/www.instagram.com\/cariri_em_acao\/?hl=pt-br\"><strong>Instagram<\/strong><\/a><strong>\u00a0e\u00a0<\/strong><a href=\"https:\/\/www.youtube.com\/channel\/UCAptA0jQuYQy8vMhLt2m4qg\"><strong>Youtube<\/strong><\/a><strong>\u00a0e veja nossas mat\u00e9rias, v\u00eddeos e fotos. Voc\u00ea tamb\u00e9m pode enviar informa\u00e7\u00f5es \u00e0 Reda\u00e7\u00e3o do Portal Cariri em A\u00e7\u00e3o pelo WhatsApp (83) 9 9634.5791, (83) 9 9601-1162.<\/strong><\/p>\n<div id=\"essb_displayed_bottom_1618038149\" class=\"essb_links essb_counter_modern_right essb_displayed_bottom essb_share essb_template_clear-retina essb_template_clear-rounded-retina essb_1618038149 essb_fixedwidth__ essb_links_center print-no\" data-essb-postid=\"83658\" data-essb-position=\"bottom\" data-essb-button-style=\"icon\" data-essb-template=\"clear-retina essb_template_clear-rounded-retina\" data-essb-counter-pos=\"right\" data-essb-url=\"http:\/\/brasiliadefato.com.br\/saude-e-bem-estar\/2018\/01\/oms-alerta-sobre-resistencia-generalizada-antibioticos\/\" data-essb-twitter-url=\"http:\/\/brasiliadefato.com.br\/saude-e-bem-estar\/2018\/01\/oms-alerta-sobre-resistencia-generalizada-antibioticos\/\" data-essb-instance=\"1618038149\"><\/div>\n","protected":false},"excerpt":{"rendered":"<p>A OMS lan\u00e7ou no in\u00edcio desta semana o Sistema Mundial de Vigil\u00e2ncia da Resist\u00eancia aos Antimicrobianos, visando \u201cpadronizar a coleta de dados dos pa\u00edses para&hellip; <\/p>\n","protected":false},"author":2,"featured_media":39293,"comment_status":"closed","ping_status":"closed","sticky":false,"template":"","format":"standard","meta":{"sfsi_plus_gutenberg_text_before_share":"","sfsi_plus_gutenberg_show_text_before_share":"","sfsi_plus_gutenberg_icon_type":"","sfsi_plus_gutenberg_icon_alignemt":"","sfsi_plus_gutenburg_max_per_row":"","footnotes":""},"categories":[16],"tags":[],"class_list":["post-39291","post","type-post","status-publish","format-standard","has-post-thumbnail","hentry","category-saude"],"_links":{"self":[{"href":"https:\/\/www.caririemacao.com\/1\/wp-json\/wp\/v2\/posts\/39291","targetHints":{"allow":["GET"]}}],"collection":[{"href":"https:\/\/www.caririemacao.com\/1\/wp-json\/wp\/v2\/posts"}],"about":[{"href":"https:\/\/www.caririemacao.com\/1\/wp-json\/wp\/v2\/types\/post"}],"author":[{"embeddable":true,"href":"https:\/\/www.caririemacao.com\/1\/wp-json\/wp\/v2\/users\/2"}],"replies":[{"embeddable":true,"href":"https:\/\/www.caririemacao.com\/1\/wp-json\/wp\/v2\/comments?post=39291"}],"version-history":[{"count":0,"href":"https:\/\/www.caririemacao.com\/1\/wp-json\/wp\/v2\/posts\/39291\/revisions"}],"wp:featuredmedia":[{"embeddable":true,"href":"https:\/\/www.caririemacao.com\/1\/wp-json\/wp\/v2\/media\/39293"}],"wp:attachment":[{"href":"https:\/\/www.caririemacao.com\/1\/wp-json\/wp\/v2\/media?parent=39291"}],"wp:term":[{"taxonomy":"category","embeddable":true,"href":"https:\/\/www.caririemacao.com\/1\/wp-json\/wp\/v2\/categories?post=39291"},{"taxonomy":"post_tag","embeddable":true,"href":"https:\/\/www.caririemacao.com\/1\/wp-json\/wp\/v2\/tags?post=39291"}],"curies":[{"name":"wp","href":"https:\/\/api.w.org\/{rel}","templated":true}]}}