{"id":39292,"date":"2018-01-31T07:20:08","date_gmt":"2018-01-31T10:20:08","guid":{"rendered":"http:\/\/caririemacao.com\/1\/?p=39292"},"modified":"2018-01-31T07:20:08","modified_gmt":"2018-01-31T10:20:08","slug":"confira-calendario-de-matriculas-de-aprovados-no-sisu-nas-instituicoes-da-pb","status":"publish","type":"post","link":"https:\/\/www.caririemacao.com\/1\/2018\/01\/31\/confira-calendario-de-matriculas-de-aprovados-no-sisu-nas-instituicoes-da-pb\/","title":{"rendered":"Confira calend\u00e1rio de matr\u00edculas de aprovados no Sisu nas institui\u00e7\u00f5es da PB"},"content":{"rendered":"<p>As matr\u00edculas dos\u00a0<a href=\"http:\/\/www.jornaldaparaiba.com.br\/vida_urbana\/mec-divulga-lista-de-aprovados-na-1a-chamada-sisu.html\"><strong>estudantes selecionados no Sisu<\/strong><\/a>\u00a0para universidades p\u00fablicas na Para\u00edba come\u00e7a a partir desta quinta-feira (1\u00ba). Conforme o Minist\u00e9rio da Educa\u00e7\u00e3o, as universidades de todo o pa\u00eds t\u00eam desta ter\u00e7a (30) at\u00e9 o dia 7 de fevereiro para realizar a matr\u00edcula dos estudantes.<\/p>\n<p>Na Para\u00edba, a Universidade Estadual da Para\u00edba (UEPB) vai realizar a matr\u00edcula entre os dias 1\u00ba e 6 de fevereiro. Os estudantes selecionados dever\u00e3o comparecer \u00e0 Coordena\u00e7\u00e3o do Curso em que se inscreveu portando os seguintes documentos para a matr\u00edcula (com as respectivas c\u00f3pias autenticadas): Certificado de Conclus\u00e3o do Ensino M\u00e9dio e Hist\u00f3rico Escolar; RG; CPF; Prova de quita\u00e7\u00e3o com o Servi\u00e7o Militar (no caso de candidatos do sexo masculino); Registro de Nascimento ou Certid\u00e3o de Casamento, Prova de Quita\u00e7\u00e3o com o TRE (para maiores de 18 anos); e uma foto 3 x4 recente. As aulas do semestre 2017.2 come\u00e7am no dia 19 de fevereiro.\u00a0<a href=\"http:\/\/www.uepb.edu.br\/download\/1_2\/outros_editais\/SiSU-2018-Edital-UEPB-para-preenchimento-de-vagas-do-periodo-2017.2.pdf\"><strong>Confira o edital<\/strong><\/a>.<\/p>\n<p>A Universidade Federal da Para\u00edba (UFPB), por sua vez, informou que o per\u00edodo de cadastramento dos alunos vai ocorrer nos dias 5 e 6 de fevereiro, diretamente no campus onde o estudante realizar\u00e1 o curso. O semestre letivo 2018.1 ter\u00e1 in\u00edcio em 16 de julho nos campi I e IV, e em 2 de agosto nos campi II e III da UFPB. A institui\u00e7\u00e3o disse que um edital com detalhes sobre a documenta\u00e7\u00e3o e os hor\u00e1rios de matr\u00edcula ainda vai ser divulgado.<\/p>\n<p>J\u00e1 os estudantes aprovados na Universidade Federal de Campina Grande (UFCG) e no Instituto Federal de Educa\u00e7\u00e3o, Ci\u00eancia e Tecnologia da Para\u00edba (IFPB) v\u00e3o ser matriculados nos dias 5, 6 e 7 de fevereiro. Na UFCG, o cadastramento deve ser feito na coordena\u00e7\u00e3o do curso para o qual o candidato foi classificado. A matr\u00edcula em disciplinas dos alunos ingressantes ocorrer\u00e1 no dia 3 de abril. Mais detalhes podem ser conferidos no\u00a0<a href=\"http:\/\/comprov.ufcg.edu.br\/files\/Vestibulares\/2018\/2018.1\/legislacao\/Edital%20SiSU%202018.1_UFCG_CORRIGIDO%20(18-01-2018).pdf\"><strong>edital<\/strong><\/a>.<\/p>\n<p>O IFPB informou que deve divulgar um edital detalhando os procedimentos de matr\u00edcula at\u00e9 a sexta-feira (2).<\/p>\n<p><strong>CARIRI EM A\u00c7\u00c3O<\/strong><\/p>\n<p><em>Com Jornal da Para\u00edba\u00a0\/Foto: Reprodu\u00e7\u00e3o Internet<\/em><\/p>\n<p><strong>Leia mais not\u00edcias em\u00a0<\/strong><a href=\"http:\/\/www.caririemacao.com\/\"><strong>caririemacao.com<\/strong><\/a><strong>, siga nossa p\u00e1gina no\u00a0<\/strong><a href=\"https:\/\/www.facebook.com\/CaririEmAcao\/?ref=aymt_homepage_panel\"><strong>Facebook<\/strong><\/a>,<strong>\u00a0<\/strong><a href=\"https:\/\/www.instagram.com\/cariri_em_acao\/?hl=pt-br\"><strong>Instagram<\/strong><\/a><strong>\u00a0e <\/strong><a href=\"https:\/\/www.youtube.com\/channel\/UCAptA0jQuYQy8vMhLt2m4qg\"><strong>Youtube<\/strong><\/a><strong>\u00a0e veja nossas mat\u00e9rias, v\u00eddeos e fotos. Voc\u00ea tamb\u00e9m pode enviar informa\u00e7\u00f5es \u00e0 Reda\u00e7\u00e3o do Portal Cariri em A\u00e7\u00e3o pelo WhatsApp (83) 9 9634.5791, (83) 9 9601-1162.<\/strong><\/p>\n","protected":false},"excerpt":{"rendered":"<p>As matr\u00edculas dos\u00a0estudantes selecionados no Sisu\u00a0para universidades p\u00fablicas na Para\u00edba come\u00e7a a partir desta quinta-feira (1\u00ba). Conforme o Minist\u00e9rio da Educa\u00e7\u00e3o, as universidades de todo&hellip; <\/p>\n","protected":false},"author":2,"featured_media":39299,"comment_status":"closed","ping_status":"closed","sticky":false,"template":"","format":"standard","meta":{"sfsi_plus_gutenberg_text_before_share":"","sfsi_plus_gutenberg_show_text_before_share":"","sfsi_plus_gutenberg_icon_type":"","sfsi_plus_gutenberg_icon_alignemt":"","sfsi_plus_gutenburg_max_per_row":"","footnotes":""},"categories":[14],"tags":[],"class_list":["post-39292","post","type-post","status-publish","format-standard","has-post-thumbnail","hentry","category-educacao"],"_links":{"self":[{"href":"https:\/\/www.caririemacao.com\/1\/wp-json\/wp\/v2\/posts\/39292","targetHints":{"allow":["GET"]}}],"collection":[{"href":"https:\/\/www.caririemacao.com\/1\/wp-json\/wp\/v2\/posts"}],"about":[{"href":"https:\/\/www.caririemacao.com\/1\/wp-json\/wp\/v2\/types\/post"}],"author":[{"embeddable":true,"href":"https:\/\/www.caririemacao.com\/1\/wp-json\/wp\/v2\/users\/2"}],"replies":[{"embeddable":true,"href":"https:\/\/www.caririemacao.com\/1\/wp-json\/wp\/v2\/comments?post=39292"}],"version-history":[{"count":0,"href":"https:\/\/www.caririemacao.com\/1\/wp-json\/wp\/v2\/posts\/39292\/revisions"}],"wp:featuredmedia":[{"embeddable":true,"href":"https:\/\/www.caririemacao.com\/1\/wp-json\/wp\/v2\/media\/39299"}],"wp:attachment":[{"href":"https:\/\/www.caririemacao.com\/1\/wp-json\/wp\/v2\/media?parent=39292"}],"wp:term":[{"taxonomy":"category","embeddable":true,"href":"https:\/\/www.caririemacao.com\/1\/wp-json\/wp\/v2\/categories?post=39292"},{"taxonomy":"post_tag","embeddable":true,"href":"https:\/\/www.caririemacao.com\/1\/wp-json\/wp\/v2\/tags?post=39292"}],"curies":[{"name":"wp","href":"https:\/\/api.w.org\/{rel}","templated":true}]}}