{"id":39295,"date":"2018-01-31T07:18:10","date_gmt":"2018-01-31T10:18:10","guid":{"rendered":"http:\/\/caririemacao.com\/1\/?p=39295"},"modified":"2018-01-31T07:18:10","modified_gmt":"2018-01-31T10:18:10","slug":"tite-convocara-em-2-de-marco-e-brasil-enfrentara-russia-no-palco-da-final-da-copa","status":"publish","type":"post","link":"https:\/\/www.caririemacao.com\/1\/2018\/01\/31\/tite-convocara-em-2-de-marco-e-brasil-enfrentara-russia-no-palco-da-final-da-copa\/","title":{"rendered":"Tite convocar\u00e1 em 2 de mar\u00e7o e Brasil enfrentar\u00e1 R\u00fassia no palco da final da Copa"},"content":{"rendered":"<p>Estes dois amistosos, no dia 23 de mar\u00e7o em Moscou, e no dia 27 de mar\u00e7o em Berlim, ser\u00e3o os dois \u00faltimos da Sele\u00e7\u00e3o Brasileira antes da divulga\u00e7\u00e3o da lista final para a Copa do Mundo.<\/p>\n<p>Tamb\u00e9m nesta ter\u00e7a-feira, a CBF revelou que o palco do amistoso contra a R\u00fassia est\u00e1 oficialmente definido. O confronto ocorrer\u00e1 no Est\u00e1dio Luzhniki, em Moscou, que ser\u00e1 uma das sedes da Copa do Mundo e que em 2008 recebeu a decis\u00e3o da Liga dos Campe\u00f5es da Europa.<\/p>\n<p>&nbsp;<\/p>\n<p>Neste ano, o Est\u00e1dio Luzhniki, que possui capacidade para cerca de 80 mil torcedores, receber\u00e1 sete partidas da Copa do Mundo, incluindo o jogo de abertura, uma das semifinais e a grande decis\u00e3o.<\/p>\n<p>Depois de entrar em campo na R\u00fassia no dia 23, ent\u00e3o, a sele\u00e7\u00e3o brasileira seguir\u00e1 para a Alemanha, onde vai enfrentar a equipe da casa, em Berlim, em 27 de mar\u00e7o, encerrando os seus compromissos antes da convoca\u00e7\u00e3o para a Copa.<\/p>\n<p>No Mundial, o Brasil at\u00e9 vai atuar em Moscou na fase de grupos, mas no est\u00e1dio do Spartak, em 27 de junho, diante da S\u00e9rvia. Os outros jogos da primeira fase ser\u00e3o em Rostov, no dia 17, contra a Su\u00ed\u00e7a, e em S\u00e3o Petersburgo, no dia 22, com a Costa Rica.<\/p>\n<p><strong>CARIRI EMC A\u00c7\u00c3O<\/strong><\/p>\n<p><em>Com Bras\u00edlia de Fato<\/em><em>\/Foto:\u00a0Bras\u00edlia de Fato<\/em><\/p>\n<p><strong>Leia mais not\u00edcias em\u00a0<\/strong><a href=\"http:\/\/www.caririemacao.com\/\"><strong>caririemacao.com<\/strong><\/a><strong>, siga nossa p\u00e1gina no\u00a0<\/strong><a href=\"https:\/\/www.facebook.com\/CaririEmAcao\/?ref=aymt_homepage_panel\"><strong>Facebook<\/strong><\/a>,<strong>\u00a0<\/strong><a href=\"https:\/\/www.instagram.com\/cariri_em_acao\/?hl=pt-br\"><strong>Instagram<\/strong><\/a><strong>\u00a0e\u00a0<\/strong><a href=\"https:\/\/www.youtube.com\/channel\/UCAptA0jQuYQy8vMhLt2m4qg\"><strong>Youtube<\/strong><\/a><strong>\u00a0e veja nossas mat\u00e9rias, v\u00eddeos e fotos. Voc\u00ea tamb\u00e9m pode enviar informa\u00e7\u00f5es \u00e0 Reda\u00e7\u00e3o do Portal Cariri em A\u00e7\u00e3o pelo WhatsApp (83) 9 9634.5791, (83) 9 9601-1162.<\/strong><\/p>\n<div id=\"essb_displayed_bottom_1237801535\" class=\"essb_links essb_counter_modern_right essb_displayed_bottom essb_share essb_template_clear-retina essb_template_clear-rounded-retina essb_1237801535 essb_fixedwidth__ essb_links_center print-no\" data-essb-postid=\"83727\" data-essb-position=\"bottom\" data-essb-button-style=\"icon\" data-essb-template=\"clear-retina essb_template_clear-rounded-retina\" data-essb-counter-pos=\"right\" data-essb-url=\"http:\/\/brasiliadefato.com.br\/esportes\/2018\/01\/tite-convocara-em-2-de-marco-e-brasil-enfrentara-russia-no-palco-da-final-da-copa\/\" data-essb-twitter-url=\"http:\/\/brasiliadefato.com.br\/esportes\/2018\/01\/tite-convocara-em-2-de-marco-e-brasil-enfrentara-russia-no-palco-da-final-da-copa\/\" data-essb-instance=\"1237801535\"><\/div>\n","protected":false},"excerpt":{"rendered":"<p>Estes dois amistosos, no dia 23 de mar\u00e7o em Moscou, e no dia 27 de mar\u00e7o em Berlim, ser\u00e3o os dois \u00faltimos da Sele\u00e7\u00e3o Brasileira&hellip; <\/p>\n","protected":false},"author":2,"featured_media":39296,"comment_status":"closed","ping_status":"closed","sticky":false,"template":"","format":"standard","meta":{"sfsi_plus_gutenberg_text_before_share":"","sfsi_plus_gutenberg_show_text_before_share":"","sfsi_plus_gutenberg_icon_type":"","sfsi_plus_gutenberg_icon_alignemt":"","sfsi_plus_gutenburg_max_per_row":"","footnotes":""},"categories":[13],"tags":[],"class_list":["post-39295","post","type-post","status-publish","format-standard","has-post-thumbnail","hentry","category-esportes"],"_links":{"self":[{"href":"https:\/\/www.caririemacao.com\/1\/wp-json\/wp\/v2\/posts\/39295","targetHints":{"allow":["GET"]}}],"collection":[{"href":"https:\/\/www.caririemacao.com\/1\/wp-json\/wp\/v2\/posts"}],"about":[{"href":"https:\/\/www.caririemacao.com\/1\/wp-json\/wp\/v2\/types\/post"}],"author":[{"embeddable":true,"href":"https:\/\/www.caririemacao.com\/1\/wp-json\/wp\/v2\/users\/2"}],"replies":[{"embeddable":true,"href":"https:\/\/www.caririemacao.com\/1\/wp-json\/wp\/v2\/comments?post=39295"}],"version-history":[{"count":0,"href":"https:\/\/www.caririemacao.com\/1\/wp-json\/wp\/v2\/posts\/39295\/revisions"}],"wp:featuredmedia":[{"embeddable":true,"href":"https:\/\/www.caririemacao.com\/1\/wp-json\/wp\/v2\/media\/39296"}],"wp:attachment":[{"href":"https:\/\/www.caririemacao.com\/1\/wp-json\/wp\/v2\/media?parent=39295"}],"wp:term":[{"taxonomy":"category","embeddable":true,"href":"https:\/\/www.caririemacao.com\/1\/wp-json\/wp\/v2\/categories?post=39295"},{"taxonomy":"post_tag","embeddable":true,"href":"https:\/\/www.caririemacao.com\/1\/wp-json\/wp\/v2\/tags?post=39295"}],"curies":[{"name":"wp","href":"https:\/\/api.w.org\/{rel}","templated":true}]}}