{"id":39305,"date":"2018-01-31T07:42:04","date_gmt":"2018-01-31T10:42:04","guid":{"rendered":"http:\/\/caririemacao.com\/1\/?p=39305"},"modified":"2018-01-31T07:42:04","modified_gmt":"2018-01-31T10:42:04","slug":"vai-viajar-no-carnaval-dia-d-contra-a-febre-amarela-e-nesta-quarta-feira-31","status":"publish","type":"post","link":"https:\/\/www.caririemacao.com\/1\/2018\/01\/31\/vai-viajar-no-carnaval-dia-d-contra-a-febre-amarela-e-nesta-quarta-feira-31\/","title":{"rendered":"Vai viajar no Carnaval? &#8216;Dia D&#8217; contra a febre amarela \u00e9 nesta quarta-feira (31)"},"content":{"rendered":"<article id=\"news\" class=\"news\">\n<div class=\"content\">\n<p>Quem vai viajar para \u00e1reas de risco de\u00a0febre amarela no s\u00e1bado de Carnaval, dia 10, tem at\u00e9 esta quarta-feira (31) para se vacinar, j\u00e1 que a prote\u00e7\u00e3o s\u00f3 passa a valer depois de dez dias.<\/p>\n<p>Veja abaixo as cidades onde h\u00e1 recomenda\u00e7\u00e3o da imuniza\u00e7\u00e3o, onde achar os postos de vacina\u00e7\u00e3o na capital paulista e quem deve tomar a vacina.<\/p>\n<h3>Deve tomar a vacina at\u00e9 esta quarta quem for a todas estas \u00e1reas de risco&#8230;<\/h3>\n<p class=\"tagline\">Aqui\u00a0\u00e9 poss\u00edvel conferir a lista completa de munic\u00edpios com recomenda\u00e7\u00e3o<\/p>\n<p class=\"tagline\">Elas foram inclu\u00eddas recentemente na campanha emergencial do Minist\u00e9rio da Sa\u00fade, com\u00a0vacinas fracionadas mas fique atento se voc\u00ea for a uma destas cidades nos Estados de SP, RJ e BA<\/p>\n<p class=\"tagline\"><b>Grande\u00a0<\/b><b>S\u00c3O PAULO<\/b><br \/>\nPer\u00edodo da campanha: 25.jan a 24.fev<\/p>\n<p>Diadema<br \/>\nMau\u00e1<br \/>\nRibeir\u00e3o Pires<br \/>\nRio Grande da Serra<br \/>\nSanto Andr\u00e9<br \/>\nS\u00e3o Bernardo do Campo<br \/>\nS\u00e3o Caetano do Sul<br \/>\n<b>S\u00e3o Paulo (n\u00e3o teve nenhum caso humano)<\/b><\/p>\n<p><b>Litoral<\/b><br \/>\nBertioga<br \/>\nCaraguatatuba<br \/>\nCubat\u00e3o<br \/>\nGuaruj\u00e1<br \/>\nIlhabela<br \/>\nItanha\u00e9m<br \/>\nMongagu\u00e1<br \/>\nPeru\u00edbe<br \/>\nPraia Grande<br \/>\nSantos<br \/>\nS\u00e3o Sebasti\u00e3o<br \/>\nS\u00e3o Vicente<br \/>\nUbatuba<\/p>\n<p><b>Interior<\/b><br \/>\nAparecida<br \/>\nArape\u00ed<br \/>\nAreias<br \/>\nBananal<br \/>\nCa\u00e7apava<br \/>\nCachoeira Paulista<br \/>\nCanas<br \/>\nCruzeiro<br \/>\nCunha<br \/>\nGuaratinguet\u00e1<br \/>\nIgarat\u00e1<br \/>\nJacare\u00ed<br \/>\nJambeiro<br \/>\nLagoinha<br \/>\nLavrinhas<br \/>\nLorena<br \/>\nMonteiro Lobato<br \/>\nNatividade da Serra<br \/>\nParaibuna<br \/>\nPindamonhangaba<br \/>\nPiquete<br \/>\nPotim<br \/>\nQueluz<br \/>\nReden\u00e7\u00e3o da Serra<br \/>\nRoseira<br \/>\nSanta Branca<br \/>\nS\u00e3o Bento do Sapuca\u00ed<br \/>\nS\u00e3o Jos\u00e9 do Barreiro<br \/>\nS\u00e3o Jos\u00e9 dos Campos<br \/>\nS\u00e3o Ju\u00eds do Paraitinga<br \/>\nSilveiras<br \/>\nTaubat\u00e9<br \/>\nTrememb\u00e9<\/p>\n<p><b>RIO DE JANEIRO<\/b><br \/>\nPer\u00edodo da campanha: 25.jan a 24.fev<\/p>\n<p>Belford Roxo<br \/>\nDuque Caxias<br \/>\nItabora\u00ed<br \/>\nItagua\u00ed<br \/>\nJaperi<br \/>\nMag\u00e9<br \/>\nMesquita<br \/>\nNil\u00f3polis<br \/>\nNiter\u00f3i<br \/>\nNova Igua\u00e7u<br \/>\nQueimados<br \/>\n<b>Rio de Janeiro<\/b><br \/>\nS\u00e3o Gon\u00e7alo<br \/>\nS\u00e3o Jo\u00e3o Meriti<br \/>\nSerop\u00e9dica<\/p>\n<p class=\"division\"><b>BAHIA<\/b><br \/>\nPer\u00edodo da campanha: 19.fev a 9.mar<\/p>\n<p>Cama\u00e7ari<br \/>\nCandeal<br \/>\nItaparica<br \/>\nLauro de Freitas<br \/>\nMata de S\u00e3o Jo\u00e3o<br \/>\n<b>Salvador<\/b><br \/>\nS\u00e3o Francisco do Conde<br \/>\nVera Cruz<\/p>\n<p><b><br \/>\nQuem n\u00e3o pode tomar a vacina\u00a0<\/b><b>Quem deve tomar a vacina\u00a0<\/b><b>E se eu n\u00e3o consegui tomar a vacina 10 dias antes da viagem?<\/b><b>Por que essas cidades foram escolhidas?<\/b><br \/>\nElas ainda n\u00e3o tinham recomenda\u00e7\u00e3o de vacina e ficam em regi\u00f5es onde j\u00e1 ocorreu morte de macacos por febre amarela, ou seja, h\u00e1 suspeita de haver mosquitos que transmitem o v\u00edrus.<\/p>\n<p>&#8211; Use repelente (evite os que tamb\u00e9m t\u00eam protetor solar)<br \/>\n&#8211; Evite perfume em \u00e1reas de mata<br \/>\n&#8211; Vista roupas compridas e claras (ou com permetrina)<br \/>\n&#8211; Use mosqueteiros e telas na hora de dormir<br \/>\n&#8211; Aplique o protetor antes do repelente<br \/>\n&#8211; N\u00e3o use repelentes em crian\u00e7as com menos de 2 meses<\/p>\n<p>Pessoas de 9 meses (ou 6 meses se houver indica\u00e7\u00e3o) a 59 anos que moram, frequentam ou v\u00e3o viajar para \u00e1reas de risco e que ainda n\u00e3o foram vacinadas ou n\u00e3o t\u00eam comprovante de vacina\u00e7\u00e3o<\/p>\n<p>&#8211; Crian\u00e7as com menos de 6 meses (e mulheres amamentando beb\u00eas dessa idade)<br \/>\n&#8211; Pacientes imunodeprimidos por alguma doen\u00e7a ou tratamento, como quimioterapia<br \/>\n&#8211; Pessoas com alergia grave a ovo<br \/>\n(se for viajar a pa\u00edses que exigem o certificado de vacina\u00e7\u00e3o, \u00e9 preciso um atestado m\u00e9dico escrito em ingl\u00eas ou franc\u00eas)<\/p>\n<p><b>Quem deve consultar um m\u00e9dico antes de se vacinar<\/b><br \/>\n&#8211; Gr\u00e1vidas<br \/>\n&#8211; Pessoas com 60 anos ou mais<\/p>\n<p>&nbsp;<\/p>\n<\/div>\n<\/article>\n","protected":false},"excerpt":{"rendered":"<p>Quem vai viajar para \u00e1reas de risco de\u00a0febre amarela no s\u00e1bado de Carnaval, dia 10, tem at\u00e9 esta quarta-feira (31) para se vacinar, j\u00e1 que&hellip; <\/p>\n","protected":false},"author":2,"featured_media":37813,"comment_status":"closed","ping_status":"closed","sticky":false,"template":"","format":"standard","meta":{"sfsi_plus_gutenberg_text_before_share":"","sfsi_plus_gutenberg_show_text_before_share":"","sfsi_plus_gutenberg_icon_type":"","sfsi_plus_gutenberg_icon_alignemt":"","sfsi_plus_gutenburg_max_per_row":"","footnotes":""},"categories":[16],"tags":[],"class_list":["post-39305","post","type-post","status-publish","format-standard","has-post-thumbnail","hentry","category-saude"],"_links":{"self":[{"href":"https:\/\/www.caririemacao.com\/1\/wp-json\/wp\/v2\/posts\/39305","targetHints":{"allow":["GET"]}}],"collection":[{"href":"https:\/\/www.caririemacao.com\/1\/wp-json\/wp\/v2\/posts"}],"about":[{"href":"https:\/\/www.caririemacao.com\/1\/wp-json\/wp\/v2\/types\/post"}],"author":[{"embeddable":true,"href":"https:\/\/www.caririemacao.com\/1\/wp-json\/wp\/v2\/users\/2"}],"replies":[{"embeddable":true,"href":"https:\/\/www.caririemacao.com\/1\/wp-json\/wp\/v2\/comments?post=39305"}],"version-history":[{"count":0,"href":"https:\/\/www.caririemacao.com\/1\/wp-json\/wp\/v2\/posts\/39305\/revisions"}],"wp:featuredmedia":[{"embeddable":true,"href":"https:\/\/www.caririemacao.com\/1\/wp-json\/wp\/v2\/media\/37813"}],"wp:attachment":[{"href":"https:\/\/www.caririemacao.com\/1\/wp-json\/wp\/v2\/media?parent=39305"}],"wp:term":[{"taxonomy":"category","embeddable":true,"href":"https:\/\/www.caririemacao.com\/1\/wp-json\/wp\/v2\/categories?post=39305"},{"taxonomy":"post_tag","embeddable":true,"href":"https:\/\/www.caririemacao.com\/1\/wp-json\/wp\/v2\/tags?post=39305"}],"curies":[{"name":"wp","href":"https:\/\/api.w.org\/{rel}","templated":true}]}}