{"id":39306,"date":"2018-01-31T07:32:31","date_gmt":"2018-01-31T10:32:31","guid":{"rendered":"http:\/\/caririemacao.com\/1\/?p=39306"},"modified":"2018-01-31T07:32:31","modified_gmt":"2018-01-31T10:32:31","slug":"governo-prorroga-prazo-para-implantar-carteira-de-motorista-eletronica","status":"publish","type":"post","link":"https:\/\/www.caririemacao.com\/1\/2018\/01\/31\/governo-prorroga-prazo-para-implantar-carteira-de-motorista-eletronica\/","title":{"rendered":"Governo prorroga prazo para implantar carteira de motorista eletr\u00f4nica"},"content":{"rendered":"<p><span class=\"news_capital_letter\">O\u00a0<\/span>governo federal prorrogou para 1\u00ba de julho deste ano o prazo de implanta\u00e7\u00e3o da carteira nacional de habilita\u00e7\u00e3o eletr\u00f4nica (CNH-e) em todo o pa\u00eds. A obrigatoriedade de emiss\u00e3o estava prevista para 1\u00ba de fevereiro. At\u00e9 a nova data, os departamentos de Tr\u00e2nsito de todos os estados e do Distrito Federal (Detrans) dever\u00e3o disponibilizar o documento virtual.<\/p>\n<p>Segundo o ministro das cidades, Alexandre Baldy, a altera\u00e7\u00e3o do prazo ocorreu porque as ag\u00eancias reguladoras de Avia\u00e7\u00e3o Civil (Anac) e de Transportes Terrestres (ANTT) enfrentaram dificuldades de implementar, junto \u00e0s companhias de avia\u00e7\u00e3o, e de \u00f4nibus o reconhecimento da habilita\u00e7\u00e3o eletr\u00f4nica.<\/p>\n<p>\u201cOs usu\u00e1rios do transporte rodovi\u00e1rio apresentavam seu documento digital, e n\u00e3o havia ali a implementa\u00e7\u00e3o, pelas companhias de transporte de passageiros rodovi\u00e1rios \u2013 assim como tamb\u00e9m as do modal a\u00e9reo &#8211; de um sistema que poderia averiguar se aquela CNH digital era um documento ver\u00eddico, porque n\u00e3o houve um di\u00e1logo por parte das ag\u00eancias reguladoras com o minist\u00e9rio\u201d, afirmou Baldy.<\/p>\n<p><strong>Ado\u00e7\u00e3o parcial<\/strong><\/p>\n<p>Segundo o Minist\u00e9rio das Cidades, at\u00e9 ontem (29), tr\u00eas dias antes do prazo anteriormente estipulado, apenas 13 das 27 unidades da Federa\u00e7\u00e3o estavam emitindo o documento eletr\u00f4nico: Acre, Alagoas, Distrito Federal, Esp\u00edrito Santo, Goi\u00e1s, Maranh\u00e3o, Minas Gerais, Mato Grosso do Sul, Pernambuco, Rond\u00f4nia, Rio Grande do Sul, Sergipe, Tocantins e Distrito Federal.<\/p>\n<p>Apesar desse quadro, o ministro refor\u00e7ou que a emiss\u00e3o nos estados n\u00e3o foi o motivo da prorroga\u00e7\u00e3o do prazo, mas os problemas das ag\u00eancias reguladoras em garantir que as linhas a\u00e9reas e empresas de \u00f4nibus conseguissem aceitar a habilita\u00e7\u00e3o como documento de identifica\u00e7\u00e3o no momento de embarcar.<\/p>\n<p><strong>Anac<\/strong><\/p>\n<p>Consultada pela\u00a0a Ag\u00eancia Nacional de Avia\u00e7\u00e3o Civil confirmou que as companhias a\u00e9reas ainda n\u00e3o conseguiram se ajustar \u00e0 obriga\u00e7\u00e3o. A Anac cobrou destas planos com medidas para se adaptar \u00e0 habilita\u00e7\u00e3o virtual. As propostas ainda est\u00e3o em an\u00e1lise pelos t\u00e9cnicos da institui\u00e7\u00e3o.<\/p>\n<p>A Anac informou, por meio de sua assessoria, que, a despeito dessas dificuldades, n\u00e3o v\u00ea esse problema como \u201ca raz\u00e3o do adiamento da implanta\u00e7\u00e3o do uso da CNH-e\u201d. Isso porque n\u00e3o tem \u201ccompet\u00eancia legal para interferir nessa mat\u00e9ria, bem como o objetivo do documento n\u00e3o est\u00e1 inserido no setor a\u00e9reo\u201d.<\/p>\n<p>A\u00a0Ag\u00eancia Brasil<strong>\u00a0<\/strong>entrou em contato com a ANTT, mas n\u00e3o obteve retorno at\u00e9 a publica\u00e7\u00e3o desta reportagem.<\/p>\n<p><strong>C\u00f3pia eletr\u00f4nica<\/strong><\/p>\n<p>A carteira de habilita\u00e7\u00e3o digital consiste em uma c\u00f3pia virtual da carteira impressa armazenada no\u00a0<em>smartphone<\/em>. Para obter o documento virtual, \u00e9 preciso baixar o aplicativo CNH-e, que est\u00e1 dispon\u00edvel nas plataformas Android, Apple ou Windows Store, cadastrar-se no portal de servi\u00e7os do Departamento Nacional de Tr\u00e2nsito (Denatran), ir ao Detran onde a carteira foi emitida para confirmar os dados, receber um c\u00f3digo e efetivar o cadastro no aplicativo.<\/p>\n<p>O condutor que tiver certificado digital n\u00e3o precisa se dirigir ao Detran e pode completar o processo diretamente pela internet. A emiss\u00e3o do certificado custa R$ 145 e tem dura\u00e7\u00e3o de um ano. J\u00e1 o custo da carteira virtual ser\u00e1 definido pelo Detran de cada estado. A CNH-e ser\u00e1 complementar, sem implicar o fim da carteira de motorista tradicional. N\u00e3o h\u00e1 previs\u00e3o de substitui\u00e7\u00e3o total do documento impresso pelo eletr\u00f4nico.<\/p>\n<p><strong>Facilidades<\/strong><\/p>\n<p>Segundo o Minist\u00e9rio das Cidades, a CNH-e pode facilitar o dia a dia dos condutores. A carteira evita problemas como perda e danifica\u00e7\u00e3o (como esquecer na cal\u00e7a e colocar para lavar, por exemplo) e deve permitir no futuro a exporta\u00e7\u00e3o por diversos canais, servindo como um documento autenticado.<\/p>\n<p>A expectativa do Minist\u00e9rio das Cidades \u00e9 que o documento virtual possa permitir outras funcionalidades, como o controle da pontua\u00e7\u00e3o decorrente de multas e monitoramento dos prazos de vencimento da habilita\u00e7\u00e3o.<\/p>\n<p><strong>Transi\u00e7\u00e3o lenta<\/strong><\/p>\n<p>No Esp\u00edrito Santo, um dos estados que j\u00e1 adotaram o modelo eletr\u00f4nico, um dos desafios da dissemina\u00e7\u00e3o do novo tipo de documento \u00e9 a vers\u00e3o da carteira. Segundo o diretor de Habilita\u00e7\u00e3o de Ve\u00edculos do Detran local, Jos\u00e9 Eduardo de Souza Oliveira, muitos motoristas iniciam o procedimento, mas n\u00e3o concluem porque h\u00e1 a exig\u00eancia de um c\u00f3digo eletr\u00f4nico, o\u00a0<em>QR code<\/em>, s\u00f3 dispon\u00edvel nas novas carteiras, tiradas a partir de maio de 2017.<\/p>\n<p>\u201cMuitos ainda n\u00e3o t\u00eam o modelo da CNH. Isso foi fator que contribuiu para ainda n\u00e3o ter deslanchado muito. Como eles n\u00e3o t\u00eam o modelo novo, preferem n\u00e3o fazer uma segunda via\u201d, explica Oliveira.\u00a0 Apesar disso, a procura pela CNH-e \u00e9 grande, afirma.<\/p>\n<p><strong>CARIRI EMC A\u00c7\u00c3O<\/strong><\/p>\n<p><em>Com Ag\u00eancia Brasil\/Foto:\u00a0Ag\u00eancia Brasil<\/em><\/p>\n<p><strong>Leia mais not\u00edcias em\u00a0<\/strong><a href=\"http:\/\/www.caririemacao.com\/\"><strong>caririemacao.com<\/strong><\/a><strong>, siga nossa p\u00e1gina no\u00a0<\/strong><a href=\"https:\/\/www.facebook.com\/CaririEmAcao\/?ref=aymt_homepage_panel\"><strong>Facebook<\/strong><\/a>,<strong>\u00a0<\/strong><a href=\"https:\/\/www.instagram.com\/cariri_em_acao\/?hl=pt-br\"><strong>Instagram<\/strong><\/a><strong>\u00a0e\u00a0<\/strong><a href=\"https:\/\/www.youtube.com\/channel\/UCAptA0jQuYQy8vMhLt2m4qg\"><strong>Youtube<\/strong><\/a><strong>\u00a0e veja nossas mat\u00e9rias, v\u00eddeos e fotos. Voc\u00ea tamb\u00e9m pode enviar informa\u00e7\u00f5es \u00e0 Reda\u00e7\u00e3o do Portal Cariri em A\u00e7\u00e3o pelo WhatsApp (83) 9 9634.5791, (83) 9 9601-1162.<\/strong><\/p>\n","protected":false},"excerpt":{"rendered":"<p>O\u00a0governo federal prorrogou para 1\u00ba de julho deste ano o prazo de implanta\u00e7\u00e3o da carteira nacional de habilita\u00e7\u00e3o eletr\u00f4nica (CNH-e) em todo o pa\u00eds. A&hellip; <\/p>\n","protected":false},"author":2,"featured_media":39307,"comment_status":"closed","ping_status":"closed","sticky":false,"template":"","format":"standard","meta":{"sfsi_plus_gutenberg_text_before_share":"","sfsi_plus_gutenberg_show_text_before_share":"","sfsi_plus_gutenberg_icon_type":"","sfsi_plus_gutenberg_icon_alignemt":"","sfsi_plus_gutenburg_max_per_row":"","footnotes":""},"categories":[2],"tags":[],"class_list":["post-39306","post","type-post","status-publish","format-standard","has-post-thumbnail","hentry","category-geral"],"_links":{"self":[{"href":"https:\/\/www.caririemacao.com\/1\/wp-json\/wp\/v2\/posts\/39306","targetHints":{"allow":["GET"]}}],"collection":[{"href":"https:\/\/www.caririemacao.com\/1\/wp-json\/wp\/v2\/posts"}],"about":[{"href":"https:\/\/www.caririemacao.com\/1\/wp-json\/wp\/v2\/types\/post"}],"author":[{"embeddable":true,"href":"https:\/\/www.caririemacao.com\/1\/wp-json\/wp\/v2\/users\/2"}],"replies":[{"embeddable":true,"href":"https:\/\/www.caririemacao.com\/1\/wp-json\/wp\/v2\/comments?post=39306"}],"version-history":[{"count":0,"href":"https:\/\/www.caririemacao.com\/1\/wp-json\/wp\/v2\/posts\/39306\/revisions"}],"wp:featuredmedia":[{"embeddable":true,"href":"https:\/\/www.caririemacao.com\/1\/wp-json\/wp\/v2\/media\/39307"}],"wp:attachment":[{"href":"https:\/\/www.caririemacao.com\/1\/wp-json\/wp\/v2\/media?parent=39306"}],"wp:term":[{"taxonomy":"category","embeddable":true,"href":"https:\/\/www.caririemacao.com\/1\/wp-json\/wp\/v2\/categories?post=39306"},{"taxonomy":"post_tag","embeddable":true,"href":"https:\/\/www.caririemacao.com\/1\/wp-json\/wp\/v2\/tags?post=39306"}],"curies":[{"name":"wp","href":"https:\/\/api.w.org\/{rel}","templated":true}]}}