{"id":39310,"date":"2018-01-31T07:45:54","date_gmt":"2018-01-31T10:45:54","guid":{"rendered":"http:\/\/caririemacao.com\/1\/?p=39310"},"modified":"2018-01-31T07:45:54","modified_gmt":"2018-01-31T10:45:54","slug":"prefeito-de-camalau-paga-mais-uma-vez-salarios-em-dia-no-primeiro-mes-de-2018","status":"publish","type":"post","link":"https:\/\/www.caririemacao.com\/1\/2018\/01\/31\/prefeito-de-camalau-paga-mais-uma-vez-salarios-em-dia-no-primeiro-mes-de-2018\/","title":{"rendered":"Prefeito de Camala\u00fa paga mais uma vez sal\u00e1rios em dia no primeiro m\u00eas de 2018"},"content":{"rendered":"<div class=\"contentPost\">\n<p>A prefeitura municipal de Camala\u00fa iniciou o ano de 2018, assim como terminou o ano de 2017: Com compromisso com o funcionalismo p\u00fablico.<\/p>\n<p>O pagamento dos sal\u00e1rios dos servidores p\u00fablicos municipais de Camala\u00fa referente ao m\u00eas de Janeiro j\u00e1 foi creditado nas contas dos servidores e j\u00e1 pode ser sacado a partir desta quarta feira, (31)<\/p>\n<p>Desta forma, o prefeito Sandro M\u00f4co continua mantendo o compromisso de manter os sal\u00e1rios em dia rigorosamente, al\u00e9m de incentivar o aquecimento da economia local, quando todos j\u00e1 se preparam para as festividades carnavalescas e podem assim planejar melhor suas despesas para as festividades<\/p>\n<\/div>\n<p><strong>CARIRI EM A\u00c7\u00c3O<\/strong><\/p>\n<p><em>Com\u00a0Camala\u00fa Noticias\/Foto: Cariri em A\u00e7\u00e3o\u00a0<\/em><\/p>\n<p><strong>Leia mais not\u00edcias em\u00a0<\/strong><a href=\"http:\/\/www.caririemacao.com\/\"><strong>caririemacao.com<\/strong><\/a><strong>, siga nossa p\u00e1gina no\u00a0<\/strong><a href=\"https:\/\/www.facebook.com\/CaririEmAcao\/?ref=aymt_homepage_panel\"><strong>Facebook<\/strong><\/a>,<strong>\u00a0<\/strong><a href=\"https:\/\/www.instagram.com\/cariri_em_acao\/?hl=pt-br\"><strong>Instagram<\/strong><\/a><strong>\u00a0e <\/strong><a href=\"https:\/\/www.youtube.com\/channel\/UCAptA0jQuYQy8vMhLt2m4qg\"><strong>Youtube<\/strong><\/a><strong>\u00a0e veja nossas mat\u00e9rias, v\u00eddeos e fotos. Voc\u00ea tamb\u00e9m pode enviar informa\u00e7\u00f5es \u00e0 Reda\u00e7\u00e3o do Portal Cariri em A\u00e7\u00e3o pelo WhatsApp (83) 9 9634.5791, (83) 9 9601-1162.<\/strong><\/p>\n<section class=\"publi\">\n<div class=\"cycle-slideshow\" data-cycle-fx=\"scrollHorz\" data-cycle-slides=\"a\" data-cycle-speed=\"1000\"><\/div>\n<\/section>\n","protected":false},"excerpt":{"rendered":"<p>A prefeitura municipal de Camala\u00fa iniciou o ano de 2018, assim como terminou o ano de 2017: Com compromisso com o funcionalismo p\u00fablico. O pagamento&hellip; <\/p>\n","protected":false},"author":2,"featured_media":15964,"comment_status":"closed","ping_status":"closed","sticky":false,"template":"","format":"standard","meta":{"sfsi_plus_gutenberg_text_before_share":"","sfsi_plus_gutenberg_show_text_before_share":"","sfsi_plus_gutenberg_icon_type":"","sfsi_plus_gutenberg_icon_alignemt":"","sfsi_plus_gutenburg_max_per_row":"","footnotes":""},"categories":[6],"tags":[],"class_list":["post-39310","post","type-post","status-publish","format-standard","has-post-thumbnail","hentry","category-cidades"],"_links":{"self":[{"href":"https:\/\/www.caririemacao.com\/1\/wp-json\/wp\/v2\/posts\/39310","targetHints":{"allow":["GET"]}}],"collection":[{"href":"https:\/\/www.caririemacao.com\/1\/wp-json\/wp\/v2\/posts"}],"about":[{"href":"https:\/\/www.caririemacao.com\/1\/wp-json\/wp\/v2\/types\/post"}],"author":[{"embeddable":true,"href":"https:\/\/www.caririemacao.com\/1\/wp-json\/wp\/v2\/users\/2"}],"replies":[{"embeddable":true,"href":"https:\/\/www.caririemacao.com\/1\/wp-json\/wp\/v2\/comments?post=39310"}],"version-history":[{"count":0,"href":"https:\/\/www.caririemacao.com\/1\/wp-json\/wp\/v2\/posts\/39310\/revisions"}],"wp:featuredmedia":[{"embeddable":true,"href":"https:\/\/www.caririemacao.com\/1\/wp-json\/wp\/v2\/media\/15964"}],"wp:attachment":[{"href":"https:\/\/www.caririemacao.com\/1\/wp-json\/wp\/v2\/media?parent=39310"}],"wp:term":[{"taxonomy":"category","embeddable":true,"href":"https:\/\/www.caririemacao.com\/1\/wp-json\/wp\/v2\/categories?post=39310"},{"taxonomy":"post_tag","embeddable":true,"href":"https:\/\/www.caririemacao.com\/1\/wp-json\/wp\/v2\/tags?post=39310"}],"curies":[{"name":"wp","href":"https:\/\/api.w.org\/{rel}","templated":true}]}}