{"id":39314,"date":"2018-01-31T07:59:26","date_gmt":"2018-01-31T10:59:26","guid":{"rendered":"http:\/\/caririemacao.com\/1\/?p=39314"},"modified":"2018-01-31T07:59:26","modified_gmt":"2018-01-31T10:59:26","slug":"em-camalau-encontro-pedagogico-acontece-a-partir-do-dia-01","status":"publish","type":"post","link":"https:\/\/www.caririemacao.com\/1\/2018\/01\/31\/em-camalau-encontro-pedagogico-acontece-a-partir-do-dia-01\/","title":{"rendered":"Em Camala\u00fa: Encontro Pedag\u00f3gico acontece a partir do dia 01"},"content":{"rendered":"<p>O Governo Municipal de Camala\u00fa, atrav\u00e9s da Secretaria Municipal de Educa\u00e7\u00e3o, realiza nos dias 01 e 02 de fevereiro o Encontro Pedag\u00f3gico 2018, com o tema: \u201cNo curr\u00edculo da vida, \u00e9 preciso abra\u00e7ar as diferen\u00e7as\u201d<\/p>\n<p>O encontro ser\u00e1 realizado no Centro Educacional Odete Maciel, e ter\u00e1 a seguinte programa\u00e7\u00e3o:<\/p>\n<p><strong>DIA 01<\/strong><\/p>\n<p>07:30 \u2013 Abertura Oficial do Encontro<\/p>\n<p>09:00 \u2013 Palestra: \u201cPrimeiros Socorros, todos podem fazer\u201d- Palestrante: Robson Ara\u00fajo (Bombeiro Civil)<\/p>\n<p>11:30 \u2013 Almo\u00e7o<\/p>\n<p>14:00 \u2013 Planejamento por segmento escolar<\/p>\n<p><strong>DIA 02<\/strong><\/p>\n<p>08:00 \u2013 Palestra: \u201cCurr\u00edculo e pr\u00e1tica pedag\u00f3gica\u201d \u2013 Palestrante: Professora Doutoranda Carolina S\u00e1 (UFCG)<\/p>\n<p>10:00 \u2013 Palestra: \u201cA import\u00e2ncia da utiliza\u00e7\u00e3o da Libras na escola e na fam\u00edlia\u201d \u2013 Palestrante: Professora Mestra Denise Coutinho (UFCG)<\/p>\n<p>14:00 \u2013 Planejamento por segmento escolar<\/p>\n<p><strong>CARIRI EM A\u00c7\u00c3O<\/strong><\/p>\n<p><em>Com DCS\/Foto: Reprodu\u00e7\u00e3o Internet<\/em><\/p>\n<p><strong>Leia mais not\u00edcias em\u00a0<\/strong><a href=\"http:\/\/www.caririemacao.com\/\"><strong>caririemacao.com<\/strong><\/a><strong>, siga nossa p\u00e1gina no\u00a0<\/strong><a href=\"https:\/\/www.facebook.com\/CaririEmAcao\/?ref=aymt_homepage_panel\"><strong>Facebook<\/strong><\/a>,<strong>\u00a0<\/strong><a href=\"https:\/\/www.instagram.com\/cariri_em_acao\/?hl=pt-br\"><strong>Instagram<\/strong><\/a><strong>\u00a0e <\/strong><a href=\"https:\/\/www.youtube.com\/channel\/UCAptA0jQuYQy8vMhLt2m4qg\"><strong>Youtube<\/strong><\/a><strong>\u00a0e veja nossas mat\u00e9rias, v\u00eddeos e fotos. Voc\u00ea tamb\u00e9m pode enviar informa\u00e7\u00f5es \u00e0 Reda\u00e7\u00e3o do Portal Cariri em A\u00e7\u00e3o pelo WhatsApp (83) 9 9634.5791, (83) 9 9601-1162.<\/strong><\/p>\n","protected":false},"excerpt":{"rendered":"<p>O Governo Municipal de Camala\u00fa, atrav\u00e9s da Secretaria Municipal de Educa\u00e7\u00e3o, realiza nos dias 01 e 02 de fevereiro o Encontro Pedag\u00f3gico 2018, com o&hellip; <\/p>\n","protected":false},"author":2,"featured_media":39315,"comment_status":"closed","ping_status":"closed","sticky":false,"template":"","format":"standard","meta":{"sfsi_plus_gutenberg_text_before_share":"","sfsi_plus_gutenberg_show_text_before_share":"","sfsi_plus_gutenberg_icon_type":"","sfsi_plus_gutenberg_icon_alignemt":"","sfsi_plus_gutenburg_max_per_row":"","footnotes":""},"categories":[2],"tags":[],"class_list":["post-39314","post","type-post","status-publish","format-standard","has-post-thumbnail","hentry","category-geral"],"_links":{"self":[{"href":"https:\/\/www.caririemacao.com\/1\/wp-json\/wp\/v2\/posts\/39314","targetHints":{"allow":["GET"]}}],"collection":[{"href":"https:\/\/www.caririemacao.com\/1\/wp-json\/wp\/v2\/posts"}],"about":[{"href":"https:\/\/www.caririemacao.com\/1\/wp-json\/wp\/v2\/types\/post"}],"author":[{"embeddable":true,"href":"https:\/\/www.caririemacao.com\/1\/wp-json\/wp\/v2\/users\/2"}],"replies":[{"embeddable":true,"href":"https:\/\/www.caririemacao.com\/1\/wp-json\/wp\/v2\/comments?post=39314"}],"version-history":[{"count":0,"href":"https:\/\/www.caririemacao.com\/1\/wp-json\/wp\/v2\/posts\/39314\/revisions"}],"wp:featuredmedia":[{"embeddable":true,"href":"https:\/\/www.caririemacao.com\/1\/wp-json\/wp\/v2\/media\/39315"}],"wp:attachment":[{"href":"https:\/\/www.caririemacao.com\/1\/wp-json\/wp\/v2\/media?parent=39314"}],"wp:term":[{"taxonomy":"category","embeddable":true,"href":"https:\/\/www.caririemacao.com\/1\/wp-json\/wp\/v2\/categories?post=39314"},{"taxonomy":"post_tag","embeddable":true,"href":"https:\/\/www.caririemacao.com\/1\/wp-json\/wp\/v2\/tags?post=39314"}],"curies":[{"name":"wp","href":"https:\/\/api.w.org\/{rel}","templated":true}]}}