{"id":39317,"date":"2018-01-31T08:08:37","date_gmt":"2018-01-31T11:08:37","guid":{"rendered":"http:\/\/caririemacao.com\/1\/?p=39317"},"modified":"2018-01-31T08:08:37","modified_gmt":"2018-01-31T11:08:37","slug":"morre-aos-113-anos-o-homem-mais-velho-do-mundo","status":"publish","type":"post","link":"https:\/\/www.caririemacao.com\/1\/2018\/01\/31\/morre-aos-113-anos-o-homem-mais-velho-do-mundo\/","title":{"rendered":"Morre aos 113 anos o homem mais velho do mundo"},"content":{"rendered":"<p>O espanhol Francisco N\u00fa\u00f1ez Olivera tinha dez anos quando come\u00e7ou a Primeira Guerra Mundial. Sua longevidade \u00e9 atribu\u00edda a uma dieta de vegetais que ele pr\u00f3prio plantava e a uma ta\u00e7a di\u00e1ria de vinho.<\/p>\n<p>O homem mais velho do mundo morreu nesta segunda-feira (29\/01) aos 113 anos em Bienvenida, mesma cidade em que nasceu, na prov\u00edncia de Badajoz, no sudoeste da Espanha.<\/p>\n<p>Francisco N\u00fa\u00f1ez Olivera morreu durante a noite em casa, ao lado de sua filha Antonia, de 82 anos. O prefeito da cidade, Antonio Carmona, lamentou a morte afirmando que foi &#8220;uma pena para todo o povo e todo o mundo&#8221;.<\/p>\n<p>Ap\u00f3s a morte do israelense Yisrael Kristal em agosto do ano passado, Francisco passou a ser considerado o homem mais velho do mundo. Ele completou 113 anos no \u00faltimo dia 13 de dezembro, &#8220;satisfeito&#8221; em sua alma, segundo ele pr\u00f3prio costumava dizer. Segundo sua filha, o idoso n\u00e3o sentia dores e n\u00e3o sofria de nenhuma doen\u00e7a. Ele era vi\u00favo desde 1988.<\/p>\n<p>Nascido em 13 de dezembro de 1904, Francisco tinha dez anos de idade quando a Primeira Guerra Mundial come\u00e7ou. Ele combateu na guerra entre a Espanha e tribos berberes na montanha do Rife, no Marrocos, e sobreviveu \u00e0 ditadura do general Francisco Franco, entre 1936 e 1975.<\/p>\n<p>Seus familiares atribu\u00edam sua longevidade a uma dieta de vegetais que ele pr\u00f3prio cultivava e ao consumo di\u00e1rio de uma ta\u00e7a de vinho. Todas as manh\u00e3s ele comia um bolo feito de \u00f3leo de oliva e tomava um copo de leite. At\u00e9 os 107 anos de idade, ainda sa\u00eda todos os dias para caminhar.<\/p>\n<p>A cidade de Bienvenida, com 2,3 mil habitantes, possui outros 30 moradores com idades acima dos 90 anos. Entre ele, um irm\u00e3o de Francisco, com 97 anos, e sua irm\u00e3, com 93.<\/p>\n<p>Apesar de a imprensa espanhola descrev\u00ea-lo como o homem mais velho do mundo, seu nome n\u00e3o chegou a constar na lista do Grupo de Pesquisas de Gerontologia, que valida as idades das pessoas mais velhas do planeta.<\/p>\n<p>O grupo, sediado nos Estados Unidos, menciona o japon\u00eas Masazou Nonaka de 112 anos como o homem mais velho do mundo, mas o prefeito Carmona afirma que existem documentos que comprovam que o espanhol seria, de fato, ainda mais velho. Segundo o grupo de pesquisas, a pessoa mais velha do mundo \u00e9 uma japonesa de 117 anos.<\/p>\n<p>A Espanha possui uma das expectativas de vida mais altas em todo o mundo, atribu\u00edda por muitos m\u00e9dicos \u00e0 dieta mediterr\u00e2nea.<\/p>\n<p><strong>CARIRI EM A\u00c7\u00c3O<\/strong><\/p>\n<p><em>Com dw.com\/Foto: Reprodu\u00e7\u00e3o Internet, Divulga\u00e7\u00e3o \u00a0<\/em><\/p>\n<p><strong>Leia mais not\u00edcias em\u00a0<\/strong><a href=\"http:\/\/www.caririemacao.com\/\"><strong>caririemacao.com<\/strong><\/a><strong>, siga nossa p\u00e1gina no\u00a0<\/strong><a href=\"https:\/\/www.facebook.com\/CaririEmAcao\/?ref=aymt_homepage_panel\"><strong>Facebook<\/strong><\/a>,<strong>\u00a0<\/strong><a href=\"https:\/\/www.instagram.com\/cariri_em_acao\/?hl=pt-br\"><strong>Instagram<\/strong><\/a><strong>\u00a0e <\/strong><a href=\"https:\/\/www.youtube.com\/channel\/UCAptA0jQuYQy8vMhLt2m4qg\"><strong>Youtube<\/strong><\/a><strong>\u00a0e veja nossas mat\u00e9rias, v\u00eddeos e fotos. Voc\u00ea tamb\u00e9m pode enviar informa\u00e7\u00f5es \u00e0 Reda\u00e7\u00e3o do Portal Cariri em A\u00e7\u00e3o pelo WhatsApp (83) 9 9634.5791, (83) 9 9601-1162.<\/strong><\/p>\n","protected":false},"excerpt":{"rendered":"<p>O espanhol Francisco N\u00fa\u00f1ez Olivera tinha dez anos quando come\u00e7ou a Primeira Guerra Mundial. Sua longevidade \u00e9 atribu\u00edda a uma dieta de vegetais que ele&hellip; <\/p>\n","protected":false},"author":2,"featured_media":39318,"comment_status":"closed","ping_status":"closed","sticky":false,"template":"","format":"standard","meta":{"sfsi_plus_gutenberg_text_before_share":"","sfsi_plus_gutenberg_show_text_before_share":"","sfsi_plus_gutenberg_icon_type":"","sfsi_plus_gutenberg_icon_alignemt":"","sfsi_plus_gutenburg_max_per_row":"","footnotes":""},"categories":[2],"tags":[],"class_list":["post-39317","post","type-post","status-publish","format-standard","has-post-thumbnail","hentry","category-geral"],"_links":{"self":[{"href":"https:\/\/www.caririemacao.com\/1\/wp-json\/wp\/v2\/posts\/39317","targetHints":{"allow":["GET"]}}],"collection":[{"href":"https:\/\/www.caririemacao.com\/1\/wp-json\/wp\/v2\/posts"}],"about":[{"href":"https:\/\/www.caririemacao.com\/1\/wp-json\/wp\/v2\/types\/post"}],"author":[{"embeddable":true,"href":"https:\/\/www.caririemacao.com\/1\/wp-json\/wp\/v2\/users\/2"}],"replies":[{"embeddable":true,"href":"https:\/\/www.caririemacao.com\/1\/wp-json\/wp\/v2\/comments?post=39317"}],"version-history":[{"count":0,"href":"https:\/\/www.caririemacao.com\/1\/wp-json\/wp\/v2\/posts\/39317\/revisions"}],"wp:featuredmedia":[{"embeddable":true,"href":"https:\/\/www.caririemacao.com\/1\/wp-json\/wp\/v2\/media\/39318"}],"wp:attachment":[{"href":"https:\/\/www.caririemacao.com\/1\/wp-json\/wp\/v2\/media?parent=39317"}],"wp:term":[{"taxonomy":"category","embeddable":true,"href":"https:\/\/www.caririemacao.com\/1\/wp-json\/wp\/v2\/categories?post=39317"},{"taxonomy":"post_tag","embeddable":true,"href":"https:\/\/www.caririemacao.com\/1\/wp-json\/wp\/v2\/tags?post=39317"}],"curies":[{"name":"wp","href":"https:\/\/api.w.org\/{rel}","templated":true}]}}