{"id":39331,"date":"2018-01-31T08:33:31","date_gmt":"2018-01-31T11:33:31","guid":{"rendered":"http:\/\/caririemacao.com\/1\/?p=39331"},"modified":"2018-01-31T08:33:31","modified_gmt":"2018-01-31T11:33:31","slug":"carmen-reafirma-que-nao-pautara-no-stf-prisao-apos-2a-instancia","status":"publish","type":"post","link":"https:\/\/www.caririemacao.com\/1\/2018\/01\/31\/carmen-reafirma-que-nao-pautara-no-stf-prisao-apos-2a-instancia\/","title":{"rendered":"C\u00e1rmen reafirma que n\u00e3o pautar\u00e1 no STF pris\u00e3o ap\u00f3s 2\u00aa inst\u00e2ncia"},"content":{"rendered":"<p>A presidente do Supremo Tribunal Federal (STF), ministra\u00a0C\u00e1rmen L\u00facia, reafirmou nesta ter\u00e7a-feira que n\u00e3o levar\u00e1 \u00e0 pauta do STF o julgamento que poderia rever a possibilidade de que r\u00e9us\u00a0condenados em segunda inst\u00e2ncia sejam presos para in\u00edcio do cumprimento da pena.<\/p>\n<p>Em entrevista \u00e0 TV Globo, C\u00e1rmen disse que \u201cem primeiro lugar, o Supremo n\u00e3o se submete a press\u00f5es para fazer pautas. Em segundo lugar, a quest\u00e3o foi decidida em 2016 e n\u00e3o h\u00e1 perspectiva de voltar a esse assunto\u201d. \u201cN\u00e3o h\u00e1 pauta sobre isso neste momento. Portanto, n\u00e3o h\u00e1 o que se cogitar neste momento\u201d, continuou a ministra, quando questionada se entende que a quest\u00e3o n\u00e3o deve ser rediscutida no STF.<\/p>\n<p>Em um jantar em Bras\u00edlia, nesta segunda-feira, C\u00e1rmen L\u00facia declarou que seria\u00a0\u201capequenar\u201d o Supremo\u00a0levar o caso a vota\u00e7\u00e3o em fun\u00e7\u00e3o de um caso espec\u00edfico, o do ex-presidente\u00a0Luiz In\u00e1cio Lula da Silva, condenado na \u00faltima quarta-feira pelo Tribunal Regional Federal da 4\u00aa Regi\u00e3o (TRF4) pelos crimes de corrup\u00e7\u00e3o passiva e lavagem de dinheiro. Os desembargadores da 8\u00aa Turma do tribunal decidiram que Lula poder\u00e1 ser preso ap\u00f3s o julgamento de seus recursos no TRF4.<\/p>\n<p>\u201cN\u00e3o h\u00e1 agora este assunto para ser pautado. Isso que eu disse. E, portanto, relativamente a um dado espec\u00edfico, n\u00e3o h\u00e1 do que se cogitar agora\u201d, explicou a ministra.<\/p>\n<p>Indagada sobre a possibilidade de um dos ministros levar o assunto ao plen\u00e1rio mesmo fora da pauta, a presidente do Supremo declarou que \u00e9 \u201cdireito do ministro, mas a\u00ed \u00e9 em mesa, n\u00e3o \u00e9 em pauta\u201d.<\/p>\n<p>Relator das a\u00e7\u00f5es movidas pelo Partido Ecol\u00f3gico Nacional (PEN) e o Conselho Federal da Ordem dos Advogados do Brasil (OAB), que pedem a revis\u00e3o da possibilidade de pris\u00e3o em segunda inst\u00e2ncia, o ministro\u00a0Marco Aur\u00e9lio Mello declarou que n\u00e3o cobrar\u00e1 o STF sobre a inclus\u00e3o do item na pauta de vota\u00e7\u00e3o do plen\u00e1rio.<\/p>\n<p>\u201cEm quarenta anos de \u00f3rg\u00e3os colegiados, eu nunca pedi a nenhum presidente para pautar algum processo. A minha parte eu fa\u00e7o, que \u00e9 liberar para julgamento. Tenho sempre cerca de cinquenta processos liberados, que ficam a crit\u00e9rio da presid\u00eancia para serem pautados\u201d, disse Marco Aur\u00e9lio, que liberou o caso para julgamento no come\u00e7o de dezembro.<\/p>\n<p>O vice-presidente do Superior Tribunal de Justi\u00e7a (STJ), Humberto Martins,\u00a0negou na noite desta ter\u00e7a-feira um habeas corpus preventivo\u00a0da defesa de Lula. O recurso movido pelos advogados do ex-presidente pretendia garantir que ele n\u00e3o seja preso ap\u00f3s o julgamento de seus recursos no TRF4.<\/p>\n<p><strong>CARIRI EM A\u00c7\u00c3O<\/strong><\/p>\n<p><em>Com veja \/Foto: Reprodu\u00e7\u00e3o Internet<\/em><\/p>\n<p><strong>Leia mais not\u00edcias em\u00a0<\/strong><a href=\"http:\/\/www.caririemacao.com\/\"><strong>caririemacao.com<\/strong><\/a><strong>, siga nossa p\u00e1gina no\u00a0<\/strong><a href=\"https:\/\/www.facebook.com\/CaririEmAcao\/?ref=aymt_homepage_panel\"><strong>Facebook<\/strong><\/a>,<strong>\u00a0<\/strong><a href=\"https:\/\/www.instagram.com\/cariri_em_acao\/?hl=pt-br\"><strong>Instagram<\/strong><\/a><strong>\u00a0e <\/strong><a href=\"https:\/\/www.youtube.com\/channel\/UCAptA0jQuYQy8vMhLt2m4qg\"><strong>Youtube<\/strong><\/a><strong>\u00a0e veja nossas mat\u00e9rias, v\u00eddeos e fotos. Voc\u00ea tamb\u00e9m pode enviar informa\u00e7\u00f5es \u00e0 Reda\u00e7\u00e3o do Portal Cariri em A\u00e7\u00e3o pelo WhatsApp (83) 9 9634.5791, (83) 9 9601-1162.<\/strong><\/p>\n","protected":false},"excerpt":{"rendered":"<p>A presidente do Supremo Tribunal Federal (STF), ministra\u00a0C\u00e1rmen L\u00facia, reafirmou nesta ter\u00e7a-feira que n\u00e3o levar\u00e1 \u00e0 pauta do STF o julgamento que poderia rever a&hellip; <\/p>\n","protected":false},"author":2,"featured_media":12545,"comment_status":"closed","ping_status":"closed","sticky":false,"template":"","format":"standard","meta":{"sfsi_plus_gutenberg_text_before_share":"","sfsi_plus_gutenberg_show_text_before_share":"","sfsi_plus_gutenberg_icon_type":"","sfsi_plus_gutenberg_icon_alignemt":"","sfsi_plus_gutenburg_max_per_row":"","footnotes":""},"categories":[11],"tags":[],"class_list":["post-39331","post","type-post","status-publish","format-standard","has-post-thumbnail","hentry","category-politica"],"_links":{"self":[{"href":"https:\/\/www.caririemacao.com\/1\/wp-json\/wp\/v2\/posts\/39331","targetHints":{"allow":["GET"]}}],"collection":[{"href":"https:\/\/www.caririemacao.com\/1\/wp-json\/wp\/v2\/posts"}],"about":[{"href":"https:\/\/www.caririemacao.com\/1\/wp-json\/wp\/v2\/types\/post"}],"author":[{"embeddable":true,"href":"https:\/\/www.caririemacao.com\/1\/wp-json\/wp\/v2\/users\/2"}],"replies":[{"embeddable":true,"href":"https:\/\/www.caririemacao.com\/1\/wp-json\/wp\/v2\/comments?post=39331"}],"version-history":[{"count":0,"href":"https:\/\/www.caririemacao.com\/1\/wp-json\/wp\/v2\/posts\/39331\/revisions"}],"wp:featuredmedia":[{"embeddable":true,"href":"https:\/\/www.caririemacao.com\/1\/wp-json\/wp\/v2\/media\/12545"}],"wp:attachment":[{"href":"https:\/\/www.caririemacao.com\/1\/wp-json\/wp\/v2\/media?parent=39331"}],"wp:term":[{"taxonomy":"category","embeddable":true,"href":"https:\/\/www.caririemacao.com\/1\/wp-json\/wp\/v2\/categories?post=39331"},{"taxonomy":"post_tag","embeddable":true,"href":"https:\/\/www.caririemacao.com\/1\/wp-json\/wp\/v2\/tags?post=39331"}],"curies":[{"name":"wp","href":"https:\/\/api.w.org\/{rel}","templated":true}]}}