{"id":39338,"date":"2018-01-31T09:29:33","date_gmt":"2018-01-31T12:29:33","guid":{"rendered":"http:\/\/caririemacao.com\/1\/?p=39338"},"modified":"2018-01-31T09:30:29","modified_gmt":"2018-01-31T12:30:29","slug":"lira-surpreende-e-diz-que-temer-nao-tem-respaldo-para-votar-reforma-da-previdencia","status":"publish","type":"post","link":"https:\/\/www.caririemacao.com\/1\/2018\/01\/31\/lira-surpreende-e-diz-que-temer-nao-tem-respaldo-para-votar-reforma-da-previdencia\/","title":{"rendered":"Lira surpreende e diz que Temer n\u00e3o tem respaldo para votar reforma da Previd\u00eancia"},"content":{"rendered":"<p>O presidente Michel Temer n\u00e3o tem o respaldo pol\u00edtico necess\u00e1rio para dialogar com a sociedade e votar a reforma da Previd\u00eancia. Deveria deixar a vota\u00e7\u00e3o da proposta para o sucessor, presidente a ser eleito pelo voto popular. A opini\u00e3o n\u00e3o \u00e9 de uma lideran\u00e7a oposicionista, mas do l\u00edder do MDB no Senado, o paraibano Raimundo Lira.<\/p>\n<p>Para o senador, s\u00f3 um chefe do Executivo consagrado pelas urnas tem apoio suficiente propor mudan\u00e7as profundas que mexem diretamente com a vida de milh\u00f5es de brasileiros. Lira conta que fez a sugest\u00e3o a Temer para que desista da vota\u00e7\u00e3o durante reuni\u00e3o com a bancada do MDB no ano passado. O presidente ouviu, mas n\u00e3o disse nada.<\/p>\n<p>\u201cComo \u00e9 um assunto t\u00e3o importante, deveria ser feito com a profundidade necess\u00e1ria e com o apoio e o convencimento da popula\u00e7\u00e3o. Somente um presidente eleito pode fazer isso\u201d, acredita Lira.<\/p>\n<p>O l\u00edder do MDB diz que considera fundamental a aprova\u00e7\u00e3o de uma reforma da Previd\u00eancia, mas evita expressar sua opini\u00e3o sobre a proposta enviada por Temer ao Congresso. \u201cN\u00e3o sou contra nem a favor, n\u00e3o tenho opini\u00e3o formada. S\u00f3 vamos entrar no assunto quando ela passar na C\u00e2mara. A\u00ed passa a ser discuss\u00e3o do Senado.\u201d<\/p>\n<p>Ele admite que n\u00e3o h\u00e1 certeza se a proposta ser\u00e1 aprovada pelos deputados. \u201cA gente n\u00e3o sabe se vai ser aprovada ou n\u00e3o. Se for aprovada, qual ser\u00e1 o conte\u00fado dela. A partir da\u00ed, quando ela atravessar o tapete, vamos discutir. N\u00e3o adianta pensar em um assunto dessa import\u00e2ncia sem ser de forma objetiva. Seria at\u00e9 uma interfer\u00eancia no trabalho da C\u00e2mara\u201d, explica.<\/p>\n<p>Para Raimundo Lira, n\u00e3o falta legitimidade para Temer \u2013 presidente que chegou ao Planalto ap\u00f3s um processo de impeachment de Dilma \u2013, mas, sim, maior respaldo pol\u00edtico. \u201cN\u00e3o \u00e9 falta de legitimidade. A maior reforma que um pa\u00eds pode promover \u00e9 por meio de uma Assembleia Constituinte. Os constituintes s\u00e3o eleitos para isso. Ningu\u00e9m consegue fazer uma reforma profunda sem uma Constituinte. Considero a reforma da Previd\u00eancia t\u00e3o importante que deveria ter esse respaldo popular\u201d, avalia.<\/p>\n<p>A posi\u00e7\u00e3o do l\u00edder do MDB no Senado prenuncia a dificuldade que o governo ter\u00e1 para concretizar a reforma da Previd\u00eancia. O Planalto reconhece que ainda n\u00e3o tem os 308 votos necess\u00e1rios para aprovar a proposta na C\u00e2mara. Ministros e lideran\u00e7as governistas na Casa correm contra o rel\u00f3gio para que o texto seja votado ainda em fevereiro. Depois disso, a batalha ser\u00e1 no Senado, onde tamb\u00e9m haver\u00e1 resist\u00eancia.<\/p>\n<p>Presidente da comiss\u00e3o especial do impeachment em 2016, Raimundo Lira est\u00e1 na lideran\u00e7a do MDB desde julho do ano passado. Ele substituiu Renan Calheiros (AL), que deixou o posto ap\u00f3s fazer sucessivos ataques a Temer e atuar como oposicionista. Com um perfil considerado conciliador, o senador paraibano ainda tem o desafio de apaziguar uma bancada dividida. O grupo de Renan no Senado resiste \u00e0 reforma da Previd\u00eancia e outras iniciativas do governo. J\u00e1 a ala liderada por Romero Juc\u00e1 (RR) dedica fidelidade absoluta ao presidente.<\/p>\n<p><strong>CARIRI EM A\u00c7\u00c3O<\/strong><\/p>\n<p><em>Com Congresso em Foco \/Foto: Reprodu\u00e7\u00e3o Internet<\/em><\/p>\n<p><strong>Leia mais not\u00edcias em\u00a0<\/strong><a href=\"http:\/\/www.caririemacao.com\/\"><strong>caririemacao.com<\/strong><\/a><strong>, siga nossa p\u00e1gina no\u00a0<\/strong><a href=\"https:\/\/www.facebook.com\/CaririEmAcao\/?ref=aymt_homepage_panel\"><strong>Facebook<\/strong><\/a>,<strong>\u00a0<\/strong><a href=\"https:\/\/www.instagram.com\/cariri_em_acao\/?hl=pt-br\"><strong>Instagram<\/strong><\/a><strong>\u00a0e <\/strong><a href=\"https:\/\/www.youtube.com\/channel\/UCAptA0jQuYQy8vMhLt2m4qg\"><strong>Youtube<\/strong><\/a><strong>\u00a0e veja nossas mat\u00e9rias, v\u00eddeos e fotos. Voc\u00ea tamb\u00e9m pode enviar informa\u00e7\u00f5es \u00e0 Reda\u00e7\u00e3o do Portal Cariri em A\u00e7\u00e3o pelo WhatsApp (83) 9 9634.5791, (83) 9 9601-1162.<\/strong><\/p>\n","protected":false},"excerpt":{"rendered":"<p>O presidente Michel Temer n\u00e3o tem o respaldo pol\u00edtico necess\u00e1rio para dialogar com a sociedade e votar a reforma da Previd\u00eancia. Deveria deixar a vota\u00e7\u00e3o&hellip; <\/p>\n","protected":false},"author":2,"featured_media":39111,"comment_status":"closed","ping_status":"closed","sticky":false,"template":"","format":"standard","meta":{"sfsi_plus_gutenberg_text_before_share":"","sfsi_plus_gutenberg_show_text_before_share":"","sfsi_plus_gutenberg_icon_type":"","sfsi_plus_gutenberg_icon_alignemt":"","sfsi_plus_gutenburg_max_per_row":"","footnotes":""},"categories":[11],"tags":[],"class_list":["post-39338","post","type-post","status-publish","format-standard","has-post-thumbnail","hentry","category-politica"],"_links":{"self":[{"href":"https:\/\/www.caririemacao.com\/1\/wp-json\/wp\/v2\/posts\/39338","targetHints":{"allow":["GET"]}}],"collection":[{"href":"https:\/\/www.caririemacao.com\/1\/wp-json\/wp\/v2\/posts"}],"about":[{"href":"https:\/\/www.caririemacao.com\/1\/wp-json\/wp\/v2\/types\/post"}],"author":[{"embeddable":true,"href":"https:\/\/www.caririemacao.com\/1\/wp-json\/wp\/v2\/users\/2"}],"replies":[{"embeddable":true,"href":"https:\/\/www.caririemacao.com\/1\/wp-json\/wp\/v2\/comments?post=39338"}],"version-history":[{"count":0,"href":"https:\/\/www.caririemacao.com\/1\/wp-json\/wp\/v2\/posts\/39338\/revisions"}],"wp:featuredmedia":[{"embeddable":true,"href":"https:\/\/www.caririemacao.com\/1\/wp-json\/wp\/v2\/media\/39111"}],"wp:attachment":[{"href":"https:\/\/www.caririemacao.com\/1\/wp-json\/wp\/v2\/media?parent=39338"}],"wp:term":[{"taxonomy":"category","embeddable":true,"href":"https:\/\/www.caririemacao.com\/1\/wp-json\/wp\/v2\/categories?post=39338"},{"taxonomy":"post_tag","embeddable":true,"href":"https:\/\/www.caririemacao.com\/1\/wp-json\/wp\/v2\/tags?post=39338"}],"curies":[{"name":"wp","href":"https:\/\/api.w.org\/{rel}","templated":true}]}}