{"id":39340,"date":"2018-01-31T10:10:22","date_gmt":"2018-01-31T13:10:22","guid":{"rendered":"http:\/\/caririemacao.com\/1\/?p=39340"},"modified":"2018-01-31T10:10:22","modified_gmt":"2018-01-31T13:10:22","slug":"temer-preve-reforma-da-previdencia-concluida-ate-marco","status":"publish","type":"post","link":"https:\/\/www.caririemacao.com\/1\/2018\/01\/31\/temer-preve-reforma-da-previdencia-concluida-ate-marco\/","title":{"rendered":"Temer prev\u00ea reforma da Previd\u00eancia conclu\u00edda at\u00e9 mar\u00e7o"},"content":{"rendered":"<p>O presidente Michel Temer afirmou nesta quarta-feira (31) que \u201cacha\u201d que o Congresso Nacional conseguir\u00e1 votar a proposta de reforma da Previd\u00eancia em fevereiro e concluir o assunto at\u00e9 o meio de mar\u00e7o.<\/p>\n<p>Em entrevista \u00e0 R\u00e1dio Metr\u00f3pole, de Salvador (BA), o presidente afirmou que deputados e senadores v\u00e3o aprovar a reforma se a popula\u00e7\u00e3o estiver convencida de que as mudan\u00e7as nas regras s\u00e3o importantes. O governo quer aproveitar a volta do recesso parlamentar, na semana que vem, para intensificar as negocia\u00e7\u00f5es em torno da reforma.<\/p>\n<p>\u201cOs nossos deputados fazem ecoar, transmitem aquilo que o povo pensa. Se o povo estiver convencido de que a reforma \u00e9 importante, isso vai influenciar deputados e senadores. Eu acho que n\u00f3s vamos conseguir votar agora em fevereiro e, at\u00e9 o meio de mar\u00e7o, teremos liquidado a quest\u00e3o de Previd\u00eancia\u201d, disse.<\/p>\n<p>Na entrevista, o presidente ressaltou que a proposta que ser\u00e1 colocada em vota\u00e7\u00e3o \u00e9 \u201csuave\u201d. Ele explicou que foram retirados do projeto pontos como as restri\u00e7\u00f5es \u00e0 aposentadoria rural e ao Benef\u00edcios de Presta\u00e7\u00e3o Continuada (BPC).<\/p>\n<p>\u201cEstamos fazendo uma reforma que n\u00e3o atinge os mais pobres\u201d, afirmou.<br \/>\nTemer disse que a d\u00edvida da Previd\u00eancia segue em trajet\u00f3ria de alta e defendeu que a reforma seja feita para evitar que aposentados n\u00e3o tenham cortes em seus benef\u00edcios.<\/p>\n<p>\u201cHaver\u00e1 um dado momento em que voc\u00ea n\u00e3o tem mais como pagar aposentados e, muitas vezes, servidores p\u00fablicos\u201d, enfatizou.<\/p>\n<p><strong>Posse de Cristiane Brasil<\/strong><\/p>\n<p>O presidente tamb\u00e9m foi questionado sobre o impasse em torno da posse da nova ministra do Trabalho, Cristiane Brasil. Ela foi escolhida no in\u00edcio de janeiro para comandar a pasta, mas ainda n\u00e3o p\u00f4de assumir por causa de decis\u00f5es judiciais que barraram a nomea\u00e7\u00e3o. Atualmente, o caso est\u00e1 no Supremo Tribunal Federal (STF).<\/p>\n<p>Temer afirmou que espera n\u00e3o ver a posse cassada pela Corte, mas disse que vai respeitar a decis\u00e3o judicial.<\/p>\n<p>\u201dEu vou serenamente aguardar a decis\u00e3o do judici\u00e1rio. Se o judici\u00e1rio disser que n\u00e3o pode nomear, juridicamente essa tese foi combatida, agora, eu sou atento \u00e0 separa\u00e7\u00e3o de compet\u00eancias. Se o Supremo disser que n\u00e3o pode, n\u00f3s acolheremos. Espero que n\u00e3o aconte\u00e7a. Se acontecer, paci\u00eancia\u201d, afirmou.<\/p>\n<p><strong>Candidato do presidente<\/strong><\/p>\n<p>Na entrevista, foi abordado ainda o tema da elei\u00e7\u00f5es deste ano. Temer foi perguntado sobre quem seria o candidato da prefer\u00eancia dele para a sucess\u00e3o na presid\u00eancia. O presidente disse que vai aguardar para se posicionar definitivamente, mas afirmou que, no momento, Henrique Meirelles, ministro da Fazenda, tem a &#8220;melhor qualifica\u00e7\u00e3o&#8221;.<\/p>\n<p>\u201cVamos fazer um programa no final de maio, come\u00e7o de junho, a\u00ed eu respondo a voc\u00ea quem \u00e9 o candidato. Neste momento, o Henrique Meirelles tem a melhor qualifica\u00e7\u00e3o, mas eu n\u00e3o quero avan\u00e7ar o sinal neste momento\u201d, disse o presidente.<\/p>\n<p>A exemplo do que ocorreu em entrevistas nos \u00faltimos dias, Temer foi questionado sobre a condena\u00e7\u00e3o do ex-presidente Luiz In\u00e1cio Lula da Silva na segunda inst\u00e2ncia e o impacto para as elei\u00e7\u00f5es. Lula poder\u00e1 ser enquadrado na lei da Ficha Limpa e ficar impedido de concorrer.<\/p>\n<p>Temer repetiu a resposta de que preferia ver Lula disputando as elei\u00e7\u00f5es e sendo derrotado nas urnas.<\/p>\n<p>&#8220;S\u00e3o duas vertentes. Uma delas \u00e9 o \u00e2ngulo jur\u00eddico. N\u00e3o dou um palpite sobre a decis\u00e3o judicial, porque estaria invadindo compet\u00eancia de outro poder e sou muito consciente de que um poder n\u00e3o interfere no outro. Se ele pusesse ter participado das elei\u00e7\u00f5es, n\u00e3o sei se poder\u00e1, a derrota dele politicamente seria mais \u00fatil que uma derrota simplesmente judicial\u201d, concluiu o presidente.<\/p>\n<p><strong>CARIRI EM A\u00c7\u00c3O<\/strong><\/p>\n<p><em>Com G1 \/Foto: Reprodu\u00e7\u00e3o Internet<\/em><\/p>\n<p><strong>Leia mais not\u00edcias em\u00a0<\/strong><a href=\"http:\/\/www.caririemacao.com\/\"><strong>caririemacao.com<\/strong><\/a><strong>, siga nossa p\u00e1gina no\u00a0<\/strong><a href=\"https:\/\/www.facebook.com\/CaririEmAcao\/?ref=aymt_homepage_panel\"><strong>Facebook<\/strong><\/a>,<strong>\u00a0<\/strong><a href=\"https:\/\/www.instagram.com\/cariri_em_acao\/?hl=pt-br\"><strong>Instagram<\/strong><\/a><strong>\u00a0e <\/strong><a href=\"https:\/\/www.youtube.com\/channel\/UCAptA0jQuYQy8vMhLt2m4qg\"><strong>Youtube<\/strong><\/a><strong>\u00a0e veja nossas mat\u00e9rias, v\u00eddeos e fotos. Voc\u00ea tamb\u00e9m pode enviar informa\u00e7\u00f5es \u00e0 Reda\u00e7\u00e3o do Portal Cariri em A\u00e7\u00e3o pelo WhatsApp (83) 9 9634.5791, (83) 9 9601-1162.<\/strong><\/p>\n","protected":false},"excerpt":{"rendered":"<p>O presidente Michel Temer afirmou nesta quarta-feira (31) que \u201cacha\u201d que o Congresso Nacional conseguir\u00e1 votar a proposta de reforma da Previd\u00eancia em fevereiro e&hellip; <\/p>\n","protected":false},"author":2,"featured_media":36057,"comment_status":"closed","ping_status":"closed","sticky":false,"template":"","format":"standard","meta":{"sfsi_plus_gutenberg_text_before_share":"","sfsi_plus_gutenberg_show_text_before_share":"","sfsi_plus_gutenberg_icon_type":"","sfsi_plus_gutenberg_icon_alignemt":"","sfsi_plus_gutenburg_max_per_row":"","footnotes":""},"categories":[11],"tags":[],"class_list":["post-39340","post","type-post","status-publish","format-standard","has-post-thumbnail","hentry","category-politica"],"_links":{"self":[{"href":"https:\/\/www.caririemacao.com\/1\/wp-json\/wp\/v2\/posts\/39340","targetHints":{"allow":["GET"]}}],"collection":[{"href":"https:\/\/www.caririemacao.com\/1\/wp-json\/wp\/v2\/posts"}],"about":[{"href":"https:\/\/www.caririemacao.com\/1\/wp-json\/wp\/v2\/types\/post"}],"author":[{"embeddable":true,"href":"https:\/\/www.caririemacao.com\/1\/wp-json\/wp\/v2\/users\/2"}],"replies":[{"embeddable":true,"href":"https:\/\/www.caririemacao.com\/1\/wp-json\/wp\/v2\/comments?post=39340"}],"version-history":[{"count":0,"href":"https:\/\/www.caririemacao.com\/1\/wp-json\/wp\/v2\/posts\/39340\/revisions"}],"wp:featuredmedia":[{"embeddable":true,"href":"https:\/\/www.caririemacao.com\/1\/wp-json\/wp\/v2\/media\/36057"}],"wp:attachment":[{"href":"https:\/\/www.caririemacao.com\/1\/wp-json\/wp\/v2\/media?parent=39340"}],"wp:term":[{"taxonomy":"category","embeddable":true,"href":"https:\/\/www.caririemacao.com\/1\/wp-json\/wp\/v2\/categories?post=39340"},{"taxonomy":"post_tag","embeddable":true,"href":"https:\/\/www.caririemacao.com\/1\/wp-json\/wp\/v2\/tags?post=39340"}],"curies":[{"name":"wp","href":"https:\/\/api.w.org\/{rel}","templated":true}]}}