{"id":39346,"date":"2018-01-31T10:26:46","date_gmt":"2018-01-31T13:26:46","guid":{"rendered":"http:\/\/caririemacao.com\/1\/?p=39346"},"modified":"2018-01-31T10:27:14","modified_gmt":"2018-01-31T13:27:14","slug":"brasil-tem-81-mortes-devido-a-febre-amarela","status":"publish","type":"post","link":"https:\/\/www.caririemacao.com\/1\/2018\/01\/31\/brasil-tem-81-mortes-devido-a-febre-amarela\/","title":{"rendered":"Brasil tem 81 mortes devido \u00e0 febre amarela"},"content":{"rendered":"<p>O Minist\u00e9rio da Sa\u00fade divulgou um novo balan\u00e7o dos casos e mortes de febre amarela no Brasil na quarta-feira (30). S\u00e3o 213 casos confirmados da doen\u00e7a, sendo que 81 pessoas morreram devido \u00e0 infec\u00e7\u00e3o desde 1\u00ba de julho de 2017.<\/p>\n<p>O governo federal recebeu 1.080 notifica\u00e7\u00f5es de casos suspeitos \u2013 432 foram descartados e 435 permanecem sob investiga\u00e7\u00e3o. Em compara\u00e7\u00e3o com o mesmo per\u00edodo de 2016\/2017, h\u00e1 uma queda de 54% nos casos confirmados. As mortes devido \u00e0 doen\u00e7a diminu\u00edram 44%.<\/p>\n<p>Os dois estados mais afetados s\u00e3o S\u00e3o Paulo e Minas Gerais, com 108 e 77 casos confirmados, respectivamente. O Rio de Janeiro detectou 27 infec\u00e7\u00f5es por febre amarela, seguido do Distrito Federal, com apenas uma pessoa. Veja abaixo os n\u00fameros de casos por estado que evolu\u00edram para morte e confira os outros estados com notifica\u00e7\u00f5es ainda em investiga\u00e7\u00e3o.<\/p>\n<p><strong>Vacina\u00e7\u00e3o dos foli\u00f5es<\/strong><br \/>\nEsta ter\u00e7a-feira \u00e9 o \u00faltimo dia para quem est\u00e1 planejando uma viagem para o feriad\u00e3o do carnaval e precisa se imunizar contra a febre amarela. A vacina leva dez dias para fazer efeito.<\/p>\n<p>A imuniza\u00e7\u00e3o \u00e9 necess\u00e1ria apenas para as \u00e1reas consideradas de risco pelo Minist\u00e9rio da Sa\u00fade. S\u00e3o locais onde pessoas ficaram doentes ou foram encontrados macacos infectados com a febre amarela silvestre. N\u00e3o h\u00e1 casos de febre amarela urbana no pa\u00eds desde 1942.<\/p>\n<p><strong>Os dados no Brasil<\/strong><\/p>\n<p>Os dados nacionais divulgados pelo Minist\u00e9rio da Sa\u00fade diferem dos dados das secretarias estaduais, que, com per\u00edodos e velocidade de atualiza\u00e7\u00e3o diferentes, costumam apresentar outros n\u00fameros.<\/p>\n<p>Em S\u00e3o Paulo, o n\u00famero divulgado \u00e9 de 165casos confirmados (boletim de 29 de janeiro, com dados desde janeiro de 2017); no Rio de Janeiro, s\u00e3o 27 casos (boletim 29 de janeiro, com dados desde janeiro de 2017); em Minas, 81 (boletim de 30 de janeiro, dados desde julho de 2017).<\/p>\n<p>Em informa\u00e7\u00f5es enviadas por e-mail no dia 18 de janeiro, o Distrito Federal disse que tr\u00eas casos de febre amarela foram confirmados em 2017 e tr\u00eas evolu\u00edram para \u00f3bito.<\/p>\n<p><strong>Sintomas da infec\u00e7\u00e3o<\/strong><\/p>\n<p>As primeiras manifesta\u00e7\u00f5es da febre amarela s\u00e3o inespec\u00edficas (j\u00e1 que podem ser confundidas com outras doen\u00e7as). As pessoas atingidos podem apresentar, no entanto, febre alta, calafrios, cansa\u00e7o, dor de cabe\u00e7a, dor muscular, n\u00e1useas e v\u00f4mitos por cerca de tr\u00eas dias, mas a maioria das pessoas melhora ap\u00f3s esse per\u00edodo, de acordo com informa\u00e7\u00f5es da Funda\u00e7\u00e3o Oswaldo Cruz (Fiocruz).<\/p>\n<p>J\u00e1 a forma mais grave da doen\u00e7a \u00e9 rara e costuma aparecer ap\u00f3s um breve per\u00edodo de bem-estar (at\u00e9 dois dias), quando podem ocorrer insufici\u00eancias hep\u00e1tica e renal, icter\u00edcia (olhos e pele amarelados), manifesta\u00e7\u00f5es hemorr\u00e1gicas e cansa\u00e7o intenso.<\/p>\n<p>A doen\u00e7a \u00e9 transmitida quando um mosquito pica um humano ou macaco infectado e, depois, com o v\u00edrus em seu organismo, volta a picar uma pessoa ou animal.<\/p>\n<p><strong>CARIRI EM A\u00c7\u00c3O<\/strong><\/p>\n<p><em>Com Correio 24 Horas\/Foto: Reprodu\u00e7\u00e3o Internet<\/em><\/p>\n<p><strong>Leia mais not\u00edcias em\u00a0<\/strong><a href=\"http:\/\/www.caririemacao.com\/\"><strong>caririemacao.com<\/strong><\/a><strong>, siga nossa p\u00e1gina no\u00a0<\/strong><a href=\"https:\/\/www.facebook.com\/CaririEmAcao\/?ref=aymt_homepage_panel\"><strong>Facebook<\/strong><\/a>,<strong>\u00a0<\/strong><a href=\"https:\/\/www.instagram.com\/cariri_em_acao\/?hl=pt-br\"><strong>Instagram<\/strong><\/a><strong>\u00a0e <\/strong><a href=\"https:\/\/www.youtube.com\/channel\/UCAptA0jQuYQy8vMhLt2m4qg\"><strong>Youtube<\/strong><\/a><strong>\u00a0e veja nossas mat\u00e9rias, v\u00eddeos e fotos. Voc\u00ea tamb\u00e9m pode enviar informa\u00e7\u00f5es \u00e0 Reda\u00e7\u00e3o do Portal Cariri em A\u00e7\u00e3o pelo WhatsApp (83) 9 9634.5791, (83) 9 9601-1162.<\/strong><\/p>\n","protected":false},"excerpt":{"rendered":"<p>O Minist\u00e9rio da Sa\u00fade divulgou um novo balan\u00e7o dos casos e mortes de febre amarela no Brasil na quarta-feira (30). S\u00e3o 213 casos confirmados da&hellip; <\/p>\n","protected":false},"author":2,"featured_media":39349,"comment_status":"closed","ping_status":"closed","sticky":false,"template":"","format":"standard","meta":{"sfsi_plus_gutenberg_text_before_share":"","sfsi_plus_gutenberg_show_text_before_share":"","sfsi_plus_gutenberg_icon_type":"","sfsi_plus_gutenberg_icon_alignemt":"","sfsi_plus_gutenburg_max_per_row":"","footnotes":""},"categories":[16],"tags":[],"class_list":["post-39346","post","type-post","status-publish","format-standard","has-post-thumbnail","hentry","category-saude"],"_links":{"self":[{"href":"https:\/\/www.caririemacao.com\/1\/wp-json\/wp\/v2\/posts\/39346","targetHints":{"allow":["GET"]}}],"collection":[{"href":"https:\/\/www.caririemacao.com\/1\/wp-json\/wp\/v2\/posts"}],"about":[{"href":"https:\/\/www.caririemacao.com\/1\/wp-json\/wp\/v2\/types\/post"}],"author":[{"embeddable":true,"href":"https:\/\/www.caririemacao.com\/1\/wp-json\/wp\/v2\/users\/2"}],"replies":[{"embeddable":true,"href":"https:\/\/www.caririemacao.com\/1\/wp-json\/wp\/v2\/comments?post=39346"}],"version-history":[{"count":0,"href":"https:\/\/www.caririemacao.com\/1\/wp-json\/wp\/v2\/posts\/39346\/revisions"}],"wp:featuredmedia":[{"embeddable":true,"href":"https:\/\/www.caririemacao.com\/1\/wp-json\/wp\/v2\/media\/39349"}],"wp:attachment":[{"href":"https:\/\/www.caririemacao.com\/1\/wp-json\/wp\/v2\/media?parent=39346"}],"wp:term":[{"taxonomy":"category","embeddable":true,"href":"https:\/\/www.caririemacao.com\/1\/wp-json\/wp\/v2\/categories?post=39346"},{"taxonomy":"post_tag","embeddable":true,"href":"https:\/\/www.caririemacao.com\/1\/wp-json\/wp\/v2\/tags?post=39346"}],"curies":[{"name":"wp","href":"https:\/\/api.w.org\/{rel}","templated":true}]}}