{"id":39353,"date":"2018-01-31T10:33:31","date_gmt":"2018-01-31T13:33:31","guid":{"rendered":"http:\/\/caririemacao.com\/1\/?p=39353"},"modified":"2018-01-31T10:36:04","modified_gmt":"2018-01-31T13:36:04","slug":"bebe-e-encontrado-em-saco-plastico-em-lixao-na-paraiba","status":"publish","type":"post","link":"https:\/\/www.caririemacao.com\/1\/2018\/01\/31\/bebe-e-encontrado-em-saco-plastico-em-lixao-na-paraiba\/","title":{"rendered":"Beb\u00ea \u00e9 encontrado em saco pl\u00e1stico em lix\u00e3o na Para\u00edba"},"content":{"rendered":"<section class=\"l-noticia\">O corpo de um beb\u00ea foi encontrado, na manh\u00e3 desta ter\u00e7a-feira (30), por volta das 9h40, dentro do lix\u00e3o da cidade de Pirpirituba, no Agreste paraibano.A crian\u00e7a encontrava-se dentro de uma sacola pl\u00e1stica preta com uma fralda amarela. O corpo ainda estava com o cord\u00e3o umbilical.Segundo um dos catadores do lix\u00e3o, o corpo da crian\u00e7a veio no carro do lixo, que faz a coleta pela cidade de Pirpirituba. Assim que derramou os res\u00edduos no terreno, ele disse ainda come\u00e7ou abrir as sacolas e se ajustou com o beb\u00ea.<\/p>\n<p>A guarni\u00e7\u00e3o do destacamento policial local e a equipe do Conselho Tutelar da cidade foram acionadas e se dirigiam at\u00e9 o lix\u00e3o.<\/p>\n<p>O terreno, onde fica o lix\u00e3o, est\u00e1 localizado em uma propriedade particular, situado no s\u00edtio Retiro, zona rural de Bel\u00e9m.<br \/>\n<strong>CARIRI EM A\u00c7\u00c3O<\/strong><\/p>\n<p><em>Com Gilvonildo Targino\/Foto: Reprodu\u00e7\u00e3o<\/em><\/p>\n<p><strong>Leia mais not\u00edcias em\u00a0<\/strong><a href=\"http:\/\/www.caririemacao.com\/\"><strong>caririemacao.com<\/strong><\/a><strong>, siga nossa p\u00e1gina no\u00a0<\/strong><a href=\"https:\/\/www.facebook.com\/CaririEmAcao\/?ref=aymt_homepage_panel\"><strong>Facebook<\/strong><\/a>,<strong>\u00a0<\/strong><a href=\"https:\/\/www.instagram.com\/cariri_em_acao\/?hl=pt-br\"><strong>Instagram<\/strong><\/a><strong>\u00a0e <\/strong><a href=\"https:\/\/www.youtube.com\/channel\/UCAptA0jQuYQy8vMhLt2m4qg\"><strong>Youtube<\/strong><\/a><strong>\u00a0e veja nossas mat\u00e9rias, v\u00eddeos e fotos. Voc\u00ea tamb\u00e9m pode enviar informa\u00e7\u00f5es \u00e0 Reda\u00e7\u00e3o do Portal Cariri em A\u00e7\u00e3o pelo WhatsApp (83) 9 9634.5791, (83) 9 9601-1162.<\/strong><\/p>\n<\/section>\n","protected":false},"excerpt":{"rendered":"<p>O corpo de um beb\u00ea foi encontrado, na manh\u00e3 desta ter\u00e7a-feira (30), por volta das 9h40, dentro do lix\u00e3o da cidade de Pirpirituba, no Agreste&hellip; <\/p>\n","protected":false},"author":2,"featured_media":39356,"comment_status":"closed","ping_status":"closed","sticky":false,"template":"","format":"standard","meta":{"sfsi_plus_gutenberg_text_before_share":"","sfsi_plus_gutenberg_show_text_before_share":"","sfsi_plus_gutenberg_icon_type":"","sfsi_plus_gutenberg_icon_alignemt":"","sfsi_plus_gutenburg_max_per_row":"","footnotes":""},"categories":[12],"tags":[],"class_list":["post-39353","post","type-post","status-publish","format-standard","has-post-thumbnail","hentry","category-policia"],"_links":{"self":[{"href":"https:\/\/www.caririemacao.com\/1\/wp-json\/wp\/v2\/posts\/39353","targetHints":{"allow":["GET"]}}],"collection":[{"href":"https:\/\/www.caririemacao.com\/1\/wp-json\/wp\/v2\/posts"}],"about":[{"href":"https:\/\/www.caririemacao.com\/1\/wp-json\/wp\/v2\/types\/post"}],"author":[{"embeddable":true,"href":"https:\/\/www.caririemacao.com\/1\/wp-json\/wp\/v2\/users\/2"}],"replies":[{"embeddable":true,"href":"https:\/\/www.caririemacao.com\/1\/wp-json\/wp\/v2\/comments?post=39353"}],"version-history":[{"count":0,"href":"https:\/\/www.caririemacao.com\/1\/wp-json\/wp\/v2\/posts\/39353\/revisions"}],"wp:featuredmedia":[{"embeddable":true,"href":"https:\/\/www.caririemacao.com\/1\/wp-json\/wp\/v2\/media\/39356"}],"wp:attachment":[{"href":"https:\/\/www.caririemacao.com\/1\/wp-json\/wp\/v2\/media?parent=39353"}],"wp:term":[{"taxonomy":"category","embeddable":true,"href":"https:\/\/www.caririemacao.com\/1\/wp-json\/wp\/v2\/categories?post=39353"},{"taxonomy":"post_tag","embeddable":true,"href":"https:\/\/www.caririemacao.com\/1\/wp-json\/wp\/v2\/tags?post=39353"}],"curies":[{"name":"wp","href":"https:\/\/api.w.org\/{rel}","templated":true}]}}