{"id":39362,"date":"2018-01-31T14:02:41","date_gmt":"2018-01-31T17:02:41","guid":{"rendered":"http:\/\/caririemacao.com\/1\/?p=39362"},"modified":"2018-01-31T14:29:15","modified_gmt":"2018-01-31T17:29:15","slug":"camara-de-gurjao-aprova-reajuste-salarial-para-servidores-do-municipio","status":"publish","type":"post","link":"https:\/\/www.caririemacao.com\/1\/2018\/01\/31\/camara-de-gurjao-aprova-reajuste-salarial-para-servidores-do-municipio\/","title":{"rendered":"C\u00e2mara de Gurj\u00e3o aprova reajuste salarial para servidores do munic\u00edpio \u00a0"},"content":{"rendered":"<p>A C\u00e2mara Municipal de Gurj\u00e3o se reuniu de forma extraordin\u00e1ria na tarde desta ter\u00e7a-feira, 30 para apreciar o projeto de Lei enviado pelo prefeito Ronaldo Queiroz que reajusta o valor do sal\u00e1rio base do munic\u00edpio de Gurj\u00e3o\/PB, para o ano de 2018, adequando-o ao novo valor do sal\u00e1rio m\u00ednimo nacional que entrou em vigor a partir de 1\u00ba de janeiro de 2018.<\/p>\n<p>Ainda no projeto de lei, o prefeito pedia que os vereadores votassem um aumento de 6,81% aos vencimentos dos servidores p\u00fablicos municipais integrantes do quadro permanente do Magist\u00e9rio Municipal, \u00edndice equivalente ao reajuste do piso nacional dos professores que foi de 6,81%.<\/p>\n<p>De acordo com a justificativa do prefeito Ronaldo Queiroz, a propositura busca garantir a manuten\u00e7\u00e3o do poder aquisitivo dos servidores p\u00fablicos municipais, da\u00ed a necessidade da mat\u00e9ria ter sido apreciada em car\u00e1ter de urg\u00eancia para que o Poder P\u00fablico Municipal possa pagar a folha de pagamento do m\u00eas de Janeiro de 2018 com a aplica\u00e7\u00e3o dos novos valores.<\/p>\n<p>O presidente da C\u00e2mara Municipal, Adailson Queiroz, disse que com a aprova\u00e7\u00e3o do projeto e ap\u00f3s ser sancionada pelo prefeito o sal\u00e1rio que ser\u00e1 pago passa a ser de R$ 954,00 (novecentos e cinquenta e quatro reais) e o piso do magist\u00e9rio municipal, para uma carga hor\u00e1ria de 30 (trinta) horas semanais, passa a variar de R$ 1.610,52 a R$ 3.128,23.<\/p>\n<p>\u201cApesar de toda a crise econ\u00f4mica e financeira existentes atualmente em nosso pa\u00eds, que tem prejudicado diretamente a arrecada\u00e7\u00e3o dos Munic\u00edpios brasileiros, o munic\u00edpio de Gurj\u00e3o tem investimento na recupera\u00e7\u00e3o f\u00edsica das escolas e nas condi\u00e7\u00f5es materiais de funcionamento, na capacita\u00e7\u00e3o dos profissionais da educa\u00e7\u00e3o e, agora, d\u00e1 a mais forte e evidente demonstra\u00e7\u00e3o de valoriza\u00e7\u00e3o do magist\u00e9rio, dando o reajuste de 6,81% que foi o aumento proposto pelo piso nacional do magist\u00e9rio\u201d, justificou o prefeito na propositura.<\/p>\n<p><strong>CARIRI EM A\u00c7\u00c3O<\/strong><\/p>\n<p><strong>Leia mais not\u00edcias em\u00a0<\/strong><a style=\"font-style: inherit; font-weight: inherit;\" href=\"http:\/\/www.caririemacao.com\/\"><strong style=\"font-style: inherit;\">caririemacao.com<\/strong><\/a><strong style=\"font-style: inherit;\">, siga nossa p\u00e1gina no\u00a0<\/strong><a style=\"font-style: inherit; font-weight: inherit;\" href=\"https:\/\/www.facebook.com\/CaririEmAcao\/?ref=aymt_homepage_panel\"><strong style=\"font-style: inherit;\">Facebook<\/strong><\/a>,<strong style=\"font-style: inherit;\">\u00a0<\/strong><a style=\"font-style: inherit; font-weight: inherit;\" href=\"https:\/\/www.instagram.com\/cariri_em_acao\/?hl=pt-br\"><strong style=\"font-style: inherit;\">Instagram<\/strong><\/a><strong style=\"font-style: inherit;\">\u00a0e\u00a0<\/strong><a style=\"font-style: inherit; font-weight: inherit;\" href=\"https:\/\/www.youtube.com\/channel\/UCAptA0jQuYQy8vMhLt2m4qg\"><strong style=\"font-style: inherit;\">Youtube<\/strong><\/a><strong style=\"font-style: inherit;\">\u00a0e veja nossas mat\u00e9rias, v\u00eddeos e fotos. Voc\u00ea tamb\u00e9m pode enviar informa\u00e7\u00f5es \u00e0 Reda\u00e7\u00e3o do Portal Cariri em A\u00e7\u00e3o pelo WhatsApp (83) 9 9634.5791, (83) 9 9601-1162.<\/strong><\/p>\n","protected":false},"excerpt":{"rendered":"<p>A C\u00e2mara Municipal de Gurj\u00e3o se reuniu de forma extraordin\u00e1ria na tarde desta ter\u00e7a-feira, 30 para apreciar o projeto de Lei enviado pelo prefeito Ronaldo&hellip; <\/p>\n","protected":false},"author":2,"featured_media":39368,"comment_status":"closed","ping_status":"closed","sticky":false,"template":"","format":"standard","meta":{"sfsi_plus_gutenberg_text_before_share":"","sfsi_plus_gutenberg_show_text_before_share":"","sfsi_plus_gutenberg_icon_type":"","sfsi_plus_gutenberg_icon_alignemt":"","sfsi_plus_gutenburg_max_per_row":"","footnotes":""},"categories":[2],"tags":[],"class_list":["post-39362","post","type-post","status-publish","format-standard","has-post-thumbnail","hentry","category-geral"],"_links":{"self":[{"href":"https:\/\/www.caririemacao.com\/1\/wp-json\/wp\/v2\/posts\/39362","targetHints":{"allow":["GET"]}}],"collection":[{"href":"https:\/\/www.caririemacao.com\/1\/wp-json\/wp\/v2\/posts"}],"about":[{"href":"https:\/\/www.caririemacao.com\/1\/wp-json\/wp\/v2\/types\/post"}],"author":[{"embeddable":true,"href":"https:\/\/www.caririemacao.com\/1\/wp-json\/wp\/v2\/users\/2"}],"replies":[{"embeddable":true,"href":"https:\/\/www.caririemacao.com\/1\/wp-json\/wp\/v2\/comments?post=39362"}],"version-history":[{"count":0,"href":"https:\/\/www.caririemacao.com\/1\/wp-json\/wp\/v2\/posts\/39362\/revisions"}],"wp:featuredmedia":[{"embeddable":true,"href":"https:\/\/www.caririemacao.com\/1\/wp-json\/wp\/v2\/media\/39368"}],"wp:attachment":[{"href":"https:\/\/www.caririemacao.com\/1\/wp-json\/wp\/v2\/media?parent=39362"}],"wp:term":[{"taxonomy":"category","embeddable":true,"href":"https:\/\/www.caririemacao.com\/1\/wp-json\/wp\/v2\/categories?post=39362"},{"taxonomy":"post_tag","embeddable":true,"href":"https:\/\/www.caririemacao.com\/1\/wp-json\/wp\/v2\/tags?post=39362"}],"curies":[{"name":"wp","href":"https:\/\/api.w.org\/{rel}","templated":true}]}}