{"id":39366,"date":"2018-01-31T14:21:20","date_gmt":"2018-01-31T17:21:20","guid":{"rendered":"http:\/\/caririemacao.com\/1\/?p=39366"},"modified":"2018-01-31T14:50:36","modified_gmt":"2018-01-31T17:50:36","slug":"prefeitura-de-gurjao-concede-atualizacao-salarial-dos-servidores-e-reajusta-em-681-o-salario-dos-professores","status":"publish","type":"post","link":"https:\/\/www.caririemacao.com\/1\/2018\/01\/31\/prefeitura-de-gurjao-concede-atualizacao-salarial-dos-servidores-e-reajusta-em-681-o-salario-dos-professores\/","title":{"rendered":"Prefeitura de Gurj\u00e3o concede atualiza\u00e7\u00e3o salarial dos servidores e reajusta em 6,81% o sal\u00e1rio dos professores"},"content":{"rendered":"<p>O prefeito Ronaldo Queiroz sancionou na tarde desta ter\u00e7a-feira, dia 30, a lei que garante o aumento dos sal\u00e1rios dos servidores p\u00fablicos municipais.<\/p>\n<p>Al\u00e9m do aumento dos sal\u00e1rios dos servidores, o prefeito tamb\u00e9m aumentou e j\u00e1 pagou na manh\u00e3 desta quarta-feira os vencimentos dos professores. Os professores receberam aumento de 6,81%, conforme piso nacional dos professores.<\/p>\n<p>Segundo o prefeito Ronaldo, o munic\u00edpio tem conseguido equilibrar as contas e garantir o pagamento dos servidores em dia. \u201cA atual administra\u00e7\u00e3o tem priorizado o funcionalismo p\u00fablico como um todo e n\u00f3s n\u00e3o medimos esfor\u00e7os para abra\u00e7ar todas as classes, pilares para o desenvolvimento de uma sociedade\u201d.<\/p>\n<p>Clique no link abaixo e veja a tabela com os reajustes.<\/p>\n<p><a href=\"http:\/\/caririemacao.com\/1\/wp-content\/uploads\/2018\/01\/PL-001-2018-Reajuste-Sal\u00e1rio-M\u00ednimo-e-Magist\u00e9rio.pdf\">PL 001 2018 &#8211; Reajuste Sal\u00e1rio M\u00ednimo e Magist\u00e9rio<\/a><\/p>\n<p><strong>CARIRI EM A\u00c7\u00c3O<\/strong><\/p>\n<p>Leia mais not\u00edcias em\u00a0<a href=\"http:\/\/www.caririemacao.com\/\">caririemacao.com<\/a>, siga nossa p\u00e1gina no\u00a0<a href=\"https:\/\/www.facebook.com\/CaririEmAcao\/?ref=aymt_homepage_panel\">Facebook<\/a>,\u00a0<a href=\"https:\/\/www.instagram.com\/cariri_em_acao\/?hl=pt-br\">Instagram<\/a>\u00a0e\u00a0<a href=\"https:\/\/www.youtube.com\/channel\/UCAptA0jQuYQy8vMhLt2m4qg\">Youtube<\/a>\u00a0e veja nossas mat\u00e9rias, v\u00eddeos e fotos. Voc\u00ea tamb\u00e9m pode enviar informa\u00e7\u00f5es \u00e0 Reda\u00e7\u00e3o do Portal Cariri em A\u00e7\u00e3o pelo WhatsApp (83) 9 9634.5791, (83) 9 9601-1162.<\/p>\n","protected":false},"excerpt":{"rendered":"<p>O prefeito Ronaldo Queiroz sancionou na tarde desta ter\u00e7a-feira, dia 30, a lei que garante o aumento dos sal\u00e1rios dos servidores p\u00fablicos municipais. Al\u00e9m do&hellip; <\/p>\n","protected":false},"author":2,"featured_media":21105,"comment_status":"closed","ping_status":"closed","sticky":false,"template":"","format":"standard","meta":{"sfsi_plus_gutenberg_text_before_share":"","sfsi_plus_gutenberg_show_text_before_share":"","sfsi_plus_gutenberg_icon_type":"","sfsi_plus_gutenberg_icon_alignemt":"","sfsi_plus_gutenburg_max_per_row":"","footnotes":""},"categories":[2],"tags":[],"class_list":["post-39366","post","type-post","status-publish","format-standard","has-post-thumbnail","hentry","category-geral"],"_links":{"self":[{"href":"https:\/\/www.caririemacao.com\/1\/wp-json\/wp\/v2\/posts\/39366","targetHints":{"allow":["GET"]}}],"collection":[{"href":"https:\/\/www.caririemacao.com\/1\/wp-json\/wp\/v2\/posts"}],"about":[{"href":"https:\/\/www.caririemacao.com\/1\/wp-json\/wp\/v2\/types\/post"}],"author":[{"embeddable":true,"href":"https:\/\/www.caririemacao.com\/1\/wp-json\/wp\/v2\/users\/2"}],"replies":[{"embeddable":true,"href":"https:\/\/www.caririemacao.com\/1\/wp-json\/wp\/v2\/comments?post=39366"}],"version-history":[{"count":0,"href":"https:\/\/www.caririemacao.com\/1\/wp-json\/wp\/v2\/posts\/39366\/revisions"}],"wp:featuredmedia":[{"embeddable":true,"href":"https:\/\/www.caririemacao.com\/1\/wp-json\/wp\/v2\/media\/21105"}],"wp:attachment":[{"href":"https:\/\/www.caririemacao.com\/1\/wp-json\/wp\/v2\/media?parent=39366"}],"wp:term":[{"taxonomy":"category","embeddable":true,"href":"https:\/\/www.caririemacao.com\/1\/wp-json\/wp\/v2\/categories?post=39366"},{"taxonomy":"post_tag","embeddable":true,"href":"https:\/\/www.caririemacao.com\/1\/wp-json\/wp\/v2\/tags?post=39366"}],"curies":[{"name":"wp","href":"https:\/\/api.w.org\/{rel}","templated":true}]}}