{"id":39387,"date":"2018-01-31T22:58:42","date_gmt":"2018-02-01T01:58:42","guid":{"rendered":"http:\/\/caririemacao.com\/1\/?p=39387"},"modified":"2018-01-31T23:22:31","modified_gmt":"2018-02-01T02:22:31","slug":"tce-pb-aprova-contas-de-prefeituras-do-cariri","status":"publish","type":"post","link":"https:\/\/www.caririemacao.com\/1\/2018\/01\/31\/tce-pb-aprova-contas-de-prefeituras-do-cariri\/","title":{"rendered":"TCE-PB aprova contas de Prefeituras do Cariri"},"content":{"rendered":"<p>O Tribunal de Contas da Para\u00edba, reunido nesta quarta-feira (31), emitiu pareceres favor\u00e1veis \u00e0 aprova\u00e7\u00e3o das contas procedentes de duas C\u00e2maras de Vereadores e sete Prefeituras.<\/p>\n<p>Na mesma sess\u00e3o plen\u00e1ria houve rejei\u00e7\u00e3o, por\u00e9m, \u00e0s entregues por um dirigente de C\u00e2mara e dois ex-prefeitos municipais.<\/p>\n<p>Tiveram suas gest\u00f5es aprovadas pelo TCE os ex-prefeitos do Congo (Romualdo Antonio Quirino de Sousa, exerc\u00edcio de 2016), Borborema (Maria Paula Gomes Pereira, 2015), Serraria (Severino Ferreira da Silva, 2015, por maioria) e Barra de Santana (Joventino Ernesto do Rego Neto, 2015).<\/p>\n<p>Tamb\u00e9m, os atuais prefeitos de Coxixola (Givaldo Limeira de Farias, 2016), Logradouro (C\u00e9lia Maria Queiroz de Carvalho, 2016) e Riacho de Santo Antonio (contas de 2015 e 2016).<\/p>\n<p>Houve aprova\u00e7\u00e3o, ainda, \u00e0s contas oriundas da Defensoria P\u00fablica (2015) e das Secretarias de Estado do Turismo e do Desenvolvimento Econ\u00f4mico (2013) e da Administra\u00e7\u00e3o (2011), com ressalvas nos dois \u00faltimos casos.<\/p>\n<p>O Tribunal aprovou as contas de 2016 das C\u00e2maras Municipais de Brejo dos Santos e Tacima, mas reprovou as de Monte Horebe por quest\u00f5es que inclu\u00edram o recolhimento insuficiente de contribui\u00e7\u00f5es previdenci\u00e1rias e d\u00e9ficit financeiro ao final deste mesmo exerc\u00edcio. Cabe recurso.<\/p>\n<p>Disponibilidade financeira n\u00e3o comprovada, n\u00e3o recolhimento de contribui\u00e7\u00f5es previdenci\u00e1rias e despesas sem licita\u00e7\u00e3o foram os fatores que contribu\u00edram para a desaprova\u00e7\u00e3o das contas de 2015 da ex-prefeita de Barra de S\u00e3o Miguel, Luzinectt Teixeira Lopes, a quem o TCE imp\u00f4s d\u00e9bito de R$ 8.135,30, conforme voto do conselheiro substituto Oscar Mamede Santiago Melo, contra o qual ela ainda pode recorrer.<\/p>\n<p>Em Carrapateira, o problema consistiu na aplica\u00e7\u00e3o em a\u00e7\u00f5es de sa\u00fade abaixo do limite constitucional e no recolhimento insuficiente de contribui\u00e7\u00f5es previdenci\u00e1rias, raz\u00f5es da reprova\u00e7\u00e3o das contas de 2015 do ex-prefeito Andr\u00e9 Pedrosa Alves, que tamb\u00e9m pode recorrer da decis\u00e3o tomada conforme voto do conselheiro substituto Renato S\u00e9rgio.<\/p>\n<p>Conduzida pelo presidente Andr\u00e9 Carlo Torres Pontes, a sess\u00e3o plen\u00e1ria teve as participa\u00e7\u00f5es dos conselheiros Arn\u00f3bio Viana, F\u00e1bio Nogueira, Antonio Nominando Diniz e Marcos Costa.<\/p>\n<p>Tamb\u00e9m, as dos conselheiros substitutos Oscar Mamede e Renato S\u00e9rgio Santiago Melo. O Minist\u00e9rio P\u00fablico esteve representado pelo procurador geral Luciano Andrade Farias.<\/p>\n<p><strong>CARIRI EM A\u00c7\u00c3O<\/strong><\/p>\n<p><em>Com O Pipoco<\/em><em>\/Foto: Reprodu\u00e7\u00e3o google<\/em><\/p>\n<p><strong>Leia mais not\u00edcias em\u00a0<\/strong><a href=\"http:\/\/www.caririemacao.com\/\"><strong>caririemacao.com<\/strong><\/a><strong>, siga nossa p\u00e1gina no\u00a0<\/strong><a href=\"https:\/\/www.facebook.com\/CaririEmAcao\/?ref=aymt_homepage_panel\"><strong>Facebook<\/strong><\/a>,<strong>\u00a0<\/strong><a href=\"https:\/\/www.instagram.com\/cariri_em_acao\/?hl=pt-br\"><strong>Instagram<\/strong><\/a><strong>\u00a0e\u00a0<\/strong><a href=\"https:\/\/www.youtube.com\/channel\/UCAptA0jQuYQy8vMhLt2m4qg\"><strong>Youtube<\/strong><\/a><strong>\u00a0e veja nossas mat\u00e9rias, v\u00eddeos e fotos. Voc\u00ea tamb\u00e9m pode enviar informa\u00e7\u00f5es \u00e0 Reda\u00e7\u00e3o do Portal Cariri em A\u00e7\u00e3o pelo WhatsApp (83) 9 9634.5791, (83) 9 9601-1162.<\/strong><\/p>\n","protected":false},"excerpt":{"rendered":"<p>O Tribunal de Contas da Para\u00edba, reunido nesta quarta-feira (31), emitiu pareceres favor\u00e1veis \u00e0 aprova\u00e7\u00e3o das contas procedentes de duas C\u00e2maras de Vereadores e sete&hellip; <\/p>\n","protected":false},"author":2,"featured_media":27826,"comment_status":"closed","ping_status":"closed","sticky":false,"template":"","format":"standard","meta":{"sfsi_plus_gutenberg_text_before_share":"","sfsi_plus_gutenberg_show_text_before_share":"","sfsi_plus_gutenberg_icon_type":"","sfsi_plus_gutenberg_icon_alignemt":"","sfsi_plus_gutenburg_max_per_row":"","footnotes":""},"categories":[2],"tags":[],"class_list":["post-39387","post","type-post","status-publish","format-standard","has-post-thumbnail","hentry","category-geral"],"_links":{"self":[{"href":"https:\/\/www.caririemacao.com\/1\/wp-json\/wp\/v2\/posts\/39387","targetHints":{"allow":["GET"]}}],"collection":[{"href":"https:\/\/www.caririemacao.com\/1\/wp-json\/wp\/v2\/posts"}],"about":[{"href":"https:\/\/www.caririemacao.com\/1\/wp-json\/wp\/v2\/types\/post"}],"author":[{"embeddable":true,"href":"https:\/\/www.caririemacao.com\/1\/wp-json\/wp\/v2\/users\/2"}],"replies":[{"embeddable":true,"href":"https:\/\/www.caririemacao.com\/1\/wp-json\/wp\/v2\/comments?post=39387"}],"version-history":[{"count":0,"href":"https:\/\/www.caririemacao.com\/1\/wp-json\/wp\/v2\/posts\/39387\/revisions"}],"wp:featuredmedia":[{"embeddable":true,"href":"https:\/\/www.caririemacao.com\/1\/wp-json\/wp\/v2\/media\/27826"}],"wp:attachment":[{"href":"https:\/\/www.caririemacao.com\/1\/wp-json\/wp\/v2\/media?parent=39387"}],"wp:term":[{"taxonomy":"category","embeddable":true,"href":"https:\/\/www.caririemacao.com\/1\/wp-json\/wp\/v2\/categories?post=39387"},{"taxonomy":"post_tag","embeddable":true,"href":"https:\/\/www.caririemacao.com\/1\/wp-json\/wp\/v2\/tags?post=39387"}],"curies":[{"name":"wp","href":"https:\/\/api.w.org\/{rel}","templated":true}]}}