{"id":39390,"date":"2018-01-31T23:02:59","date_gmt":"2018-02-01T02:02:59","guid":{"rendered":"http:\/\/caririemacao.com\/1\/?p=39390"},"modified":"2018-01-31T23:16:52","modified_gmt":"2018-02-01T02:16:52","slug":"prefeitura-de-monteiro-convoca-mais-aprovados-em-concurso-publico","status":"publish","type":"post","link":"https:\/\/www.caririemacao.com\/1\/2018\/01\/31\/prefeitura-de-monteiro-convoca-mais-aprovados-em-concurso-publico\/","title":{"rendered":"Prefeitura de Monteiro convoca mais aprovados em concurso p\u00fablico"},"content":{"rendered":"<p>A Prefeitura de Monteiro publicou na manh\u00e3 desta quarta-feira, dia 31 de janeiro, o edital de convoca\u00e7\u00e3o de posse N.\u00ba 002\/2018 referente ao processo seletivo do Concurso P\u00fablico n.\u00ba 001\/2017, cujas provas foram realizadas no dia 02 de agosto e homologado atrav\u00e9s do Decreto n\u00ba 1.035\/2017, de 27 de dezembro de 2017.<\/p>\n<p>Neste edital foram convocados os aprovados nos cargos de Professor da Educa\u00e7\u00e3o Fundamental I para a ZonaRural para o S\u00edtio Pau de Ferro e para o cargo de Odont\u00f3logo Endodontista .<\/p>\n<p>Os convocados devem comparecer sede da Prefeitura Municipal na Secretaria Municipal de Administra\u00e7\u00e3o, \u00e0 Avenida Ol\u00edmpio Gomes, S\/N, Centro \u2013 Em cima do Banco do Brasil, at\u00e9 dia 30 dias corridos a partir da presente data 31\/01\/2018, munidos dos documentos e habilita\u00e7\u00f5es exigidas no edital.<\/p>\n<p>O n\u00e3o comparecimento dos aprovados at\u00e9 a data fixada ser\u00e1 interpretado como desist\u00eancia ficando a cargo da Prefeitura convocar o candidato imediato classificado.<\/p>\n<div class=\"contentPost\">\n<p>Segue abaixo a rela\u00e7\u00e3o dos aprovados convocados para posse:<\/p>\n<p>P11- Prof. Educ.Fund.I Z.Rural \u2013 Pau de Ferro \u2013 DANIELLE FERNANDA BARBOSA NEVES<\/p>\n<p>S37 \u2013 Odont\u00f3logo Endodontista \u2013 PETRUCIA FABIANY DO PRADO SOUZA<\/p>\n<p><strong>CARIRI EM A\u00c7\u00c3O<\/strong><\/p>\n<p><em>Com O Pipoco<\/em><em>\/Foto: Reprodu\u00e7\u00e3o google<\/em><\/p>\n<p><strong>Leia mais not\u00edcias em\u00a0<\/strong><a href=\"http:\/\/www.caririemacao.com\/\"><strong>caririemacao.com<\/strong><\/a><strong>, siga nossa p\u00e1gina no\u00a0<\/strong><a href=\"https:\/\/www.facebook.com\/CaririEmAcao\/?ref=aymt_homepage_panel\"><strong>Facebook<\/strong><\/a>,<strong>\u00a0<\/strong><a href=\"https:\/\/www.instagram.com\/cariri_em_acao\/?hl=pt-br\"><strong>Instagram<\/strong><\/a><strong>\u00a0e\u00a0<\/strong><a href=\"https:\/\/www.youtube.com\/channel\/UCAptA0jQuYQy8vMhLt2m4qg\"><strong>Youtube<\/strong><\/a><strong>\u00a0e veja nossas mat\u00e9rias, v\u00eddeos e fotos. Voc\u00ea tamb\u00e9m pode enviar informa\u00e7\u00f5es \u00e0 Reda\u00e7\u00e3o do Portal Cariri em A\u00e7\u00e3o pelo WhatsApp (83) 9 9634.5791, (83) 9 9601-1162.<\/strong><\/p>\n<\/div>\n","protected":false},"excerpt":{"rendered":"<p>A Prefeitura de Monteiro publicou na manh\u00e3 desta quarta-feira, dia 31 de janeiro, o edital de convoca\u00e7\u00e3o de posse N.\u00ba 002\/2018 referente ao processo seletivo&hellip; <\/p>\n","protected":false},"author":2,"featured_media":13584,"comment_status":"closed","ping_status":"closed","sticky":false,"template":"","format":"standard","meta":{"sfsi_plus_gutenberg_text_before_share":"","sfsi_plus_gutenberg_show_text_before_share":"","sfsi_plus_gutenberg_icon_type":"","sfsi_plus_gutenberg_icon_alignemt":"","sfsi_plus_gutenburg_max_per_row":"","footnotes":""},"categories":[2],"tags":[],"class_list":["post-39390","post","type-post","status-publish","format-standard","has-post-thumbnail","hentry","category-geral"],"_links":{"self":[{"href":"https:\/\/www.caririemacao.com\/1\/wp-json\/wp\/v2\/posts\/39390","targetHints":{"allow":["GET"]}}],"collection":[{"href":"https:\/\/www.caririemacao.com\/1\/wp-json\/wp\/v2\/posts"}],"about":[{"href":"https:\/\/www.caririemacao.com\/1\/wp-json\/wp\/v2\/types\/post"}],"author":[{"embeddable":true,"href":"https:\/\/www.caririemacao.com\/1\/wp-json\/wp\/v2\/users\/2"}],"replies":[{"embeddable":true,"href":"https:\/\/www.caririemacao.com\/1\/wp-json\/wp\/v2\/comments?post=39390"}],"version-history":[{"count":0,"href":"https:\/\/www.caririemacao.com\/1\/wp-json\/wp\/v2\/posts\/39390\/revisions"}],"wp:featuredmedia":[{"embeddable":true,"href":"https:\/\/www.caririemacao.com\/1\/wp-json\/wp\/v2\/media\/13584"}],"wp:attachment":[{"href":"https:\/\/www.caririemacao.com\/1\/wp-json\/wp\/v2\/media?parent=39390"}],"wp:term":[{"taxonomy":"category","embeddable":true,"href":"https:\/\/www.caririemacao.com\/1\/wp-json\/wp\/v2\/categories?post=39390"},{"taxonomy":"post_tag","embeddable":true,"href":"https:\/\/www.caririemacao.com\/1\/wp-json\/wp\/v2\/tags?post=39390"}],"curies":[{"name":"wp","href":"https:\/\/api.w.org\/{rel}","templated":true}]}}