{"id":39401,"date":"2018-02-01T07:03:10","date_gmt":"2018-02-01T10:03:10","guid":{"rendered":"http:\/\/caririemacao.com\/1\/?p=39401"},"modified":"2018-02-01T07:03:10","modified_gmt":"2018-02-01T10:03:10","slug":"saiba-o-que-muda-se-a-reforma-da-previdencia-for-aprovada","status":"publish","type":"post","link":"https:\/\/www.caririemacao.com\/1\/2018\/02\/01\/saiba-o-que-muda-se-a-reforma-da-previdencia-for-aprovada\/","title":{"rendered":"Saiba o que muda se a reforma da Previd\u00eancia for aprovada"},"content":{"rendered":"<p>A vota\u00e7\u00e3o da reforma da Previd\u00eancia est\u00e1 prevista para acontecer em fevereiro. Desde sua apresenta\u00e7\u00e3o, em dezembro de 2016, o texto base da Proposta de Emenda \u00e0 Constitui\u00e7\u00e3o (PEC 287) sofreu v\u00e1rias altera\u00e7\u00f5es importantes, enquanto avan\u00e7avam as negocia\u00e7\u00f5es entre setores pol\u00edticos e da economia.<\/p>\n<p>A altera\u00e7\u00e3o na idade m\u00ednima e o valor inicial da aposentadoria t\u00eam sido os principais pontos a serem abordados, talvez, porque sejam os de maior interesse p\u00fablico e porque algumas mudan\u00e7as sejam muito espec\u00edficas e complexas para serem discutidas massivamente, mas precisam ser abordadas.<\/p>\n<p>Outro ponto diz respeito \u00e0 mudan\u00e7a na maneira de apurar o valor da aposentadoria (que sofrer\u00e1 redu\u00e7\u00e3o de at\u00e9 40% na renda) e de 50% no caso da pens\u00e3o por morte \u2013 presta\u00e7\u00e3o esta que \u00e9 devida aos dependentes do trabalhador ou aposentado falecido. Aos trabalhadores rurais que, a princ\u00edpio, cogitou-se serem inclusos nas mesmas regras para os trabalhadores da iniciativa privada, nada muda.<\/p>\n<p>A Proposta de Reforma da Previd\u00eancia prev\u00ea ainda a cria\u00e7\u00e3o de idade m\u00ednima de 62 anos para a mulher e 65 anos para o homem que trabalham para a iniciativa privada e contribuem com o Regime Geral de Previd\u00eancia Social (administrado pelo INSS), com tempo m\u00ednimo de 15 anos de contribui\u00e7\u00e3o (e n\u00e3o mais 25 como estava previsto na proposta original) e pretendam aposentar por tempo de contribui\u00e7\u00e3o que ir\u00e1 continuar exigindo 30 e 35 anos, para mulher e homem, respectivamente. J\u00e1 para o servidor p\u00fablico, a idade m\u00ednima seria menor: 55 anos para a mulher e 60 anos para o homem, por\u00e9m com tempo de contribui\u00e7\u00e3o m\u00ednimo de 25 anos.<\/p>\n<p>A proposta de reforma da previd\u00eancia tamb\u00e9m reduz o valor da pens\u00e3o por morte em 50%. O valor, por\u00e9m, n\u00e3o poder\u00e1 ser inferior a um (1) sal\u00e1rio m\u00ednimo. A proposta original da reforma previa que o valor poderia ser inferior a um (1) sal\u00e1rio m\u00ednimo. Para os especialistas, a pens\u00e3o deveria continuar sendo paga \u00e0 raz\u00e3o de 100%, ao menos para aqueles dependentes que n\u00e3o tiverem outras fontes de renda.<\/p>\n<p><strong>CARIRI EM A\u00c7\u00c3O<\/strong><\/p>\n<p><em>Com Portal Correio<\/em><em>\/Foto: Reprodu\u00e7\u00e3o google<\/em><\/p>\n<p><strong>Leia mais not\u00edcias em\u00a0<\/strong><a href=\"http:\/\/www.caririemacao.com\/\"><strong>caririemacao.com<\/strong><\/a><strong>, siga nossa p\u00e1gina no\u00a0<\/strong><a href=\"https:\/\/www.facebook.com\/CaririEmAcao\/?ref=aymt_homepage_panel\"><strong>Facebook<\/strong><\/a>,<strong>\u00a0<\/strong><a href=\"https:\/\/www.instagram.com\/cariri_em_acao\/?hl=pt-br\"><strong>Instagram<\/strong><\/a><strong>\u00a0e\u00a0<\/strong><a href=\"https:\/\/www.youtube.com\/channel\/UCAptA0jQuYQy8vMhLt2m4qg\"><strong>Youtube<\/strong><\/a><strong>\u00a0e veja nossas mat\u00e9rias, v\u00eddeos e fotos. Voc\u00ea tamb\u00e9m pode enviar informa\u00e7\u00f5es \u00e0 Reda\u00e7\u00e3o do Portal Cariri em A\u00e7\u00e3o pelo WhatsApp (83) 9 9634.5791, (83) 9 9601-1162.<\/strong><\/p>\n","protected":false},"excerpt":{"rendered":"<p>A vota\u00e7\u00e3o da reforma da Previd\u00eancia est\u00e1 prevista para acontecer em fevereiro. Desde sua apresenta\u00e7\u00e3o, em dezembro de 2016, o texto base da Proposta de&hellip; <\/p>\n","protected":false},"author":2,"featured_media":39402,"comment_status":"closed","ping_status":"closed","sticky":false,"template":"","format":"standard","meta":{"sfsi_plus_gutenberg_text_before_share":"","sfsi_plus_gutenberg_show_text_before_share":"","sfsi_plus_gutenberg_icon_type":"","sfsi_plus_gutenberg_icon_alignemt":"","sfsi_plus_gutenburg_max_per_row":"","footnotes":""},"categories":[2],"tags":[],"class_list":["post-39401","post","type-post","status-publish","format-standard","has-post-thumbnail","hentry","category-geral"],"_links":{"self":[{"href":"https:\/\/www.caririemacao.com\/1\/wp-json\/wp\/v2\/posts\/39401","targetHints":{"allow":["GET"]}}],"collection":[{"href":"https:\/\/www.caririemacao.com\/1\/wp-json\/wp\/v2\/posts"}],"about":[{"href":"https:\/\/www.caririemacao.com\/1\/wp-json\/wp\/v2\/types\/post"}],"author":[{"embeddable":true,"href":"https:\/\/www.caririemacao.com\/1\/wp-json\/wp\/v2\/users\/2"}],"replies":[{"embeddable":true,"href":"https:\/\/www.caririemacao.com\/1\/wp-json\/wp\/v2\/comments?post=39401"}],"version-history":[{"count":0,"href":"https:\/\/www.caririemacao.com\/1\/wp-json\/wp\/v2\/posts\/39401\/revisions"}],"wp:featuredmedia":[{"embeddable":true,"href":"https:\/\/www.caririemacao.com\/1\/wp-json\/wp\/v2\/media\/39402"}],"wp:attachment":[{"href":"https:\/\/www.caririemacao.com\/1\/wp-json\/wp\/v2\/media?parent=39401"}],"wp:term":[{"taxonomy":"category","embeddable":true,"href":"https:\/\/www.caririemacao.com\/1\/wp-json\/wp\/v2\/categories?post=39401"},{"taxonomy":"post_tag","embeddable":true,"href":"https:\/\/www.caririemacao.com\/1\/wp-json\/wp\/v2\/tags?post=39401"}],"curies":[{"name":"wp","href":"https:\/\/api.w.org\/{rel}","templated":true}]}}