{"id":39404,"date":"2018-02-01T07:09:03","date_gmt":"2018-02-01T10:09:03","guid":{"rendered":"http:\/\/caririemacao.com\/1\/?p=39404"},"modified":"2018-02-01T07:09:03","modified_gmt":"2018-02-01T10:09:03","slug":"saude-vai-distribuir-15-milhao-de-camisinhas-no-carnaval-na-pb","status":"publish","type":"post","link":"https:\/\/www.caririemacao.com\/1\/2018\/02\/01\/saude-vai-distribuir-15-milhao-de-camisinhas-no-carnaval-na-pb\/","title":{"rendered":"Sa\u00fade vai distribuir 1,5 milh\u00e3o de camisinhas no carnaval na PB"},"content":{"rendered":"<p>Mais de 1,5 milh\u00e3o de camisinhas e 100 mil sach\u00eas de gel lubrificante v\u00e3o ser distribu\u00eddos pela Secretaria de Sa\u00fade do Estado durante o per\u00edodo de carnaval na Para\u00edba.<\/p>\n<p>Segundo a Sa\u00fade, a a\u00e7\u00e3o tem como foco a preven\u00e7\u00e3o das Doen\u00e7as Sexualmente Transmiss\u00edveis (DSTs). Al\u00e9m dos preservativos e dos lubrificantes, tamb\u00e9m v\u00e3o ser distribu\u00eddos folders e material informativo para os foli\u00f5es.<\/p>\n<p>\u201cPrecisamos alertar a popula\u00e7\u00e3o jovem que existe um grande risco de pegar alguma DST ou mesmo o HIV, uma vez que n\u00e3o podemos dizer apenas pela apar\u00eancia de uma pessoa se ela tem ou n\u00e3o essas doen\u00e7as. O jovem n\u00e3o se v\u00ea como uma pessoa que corre riscos e com essa compreens\u00e3o acaba nas rela\u00e7\u00f5es sexuais n\u00e3o tendo o cuidado com o uso da camisinha. Dessa forma cada dia estamos nos deparando com mais jovens de 15 a 24 anos sendo diagnosticados com HIV ou Aids aqui no estado\u201d, disse a gerente estadual de Aids e Hepatites Virais, Ivoneide Lucena.<\/p>\n<p><strong>CARIRI EM A\u00c7\u00c3O<\/strong><\/p>\n<p><em>Com Portal Correio<\/em><em>\/Foto:\u00a0Secom-PB<\/em><\/p>\n<p><strong>Leia mais not\u00edcias em\u00a0<\/strong><a href=\"http:\/\/www.caririemacao.com\/\"><strong>caririemacao.com<\/strong><\/a><strong>, siga nossa p\u00e1gina no\u00a0<\/strong><a href=\"https:\/\/www.facebook.com\/CaririEmAcao\/?ref=aymt_homepage_panel\"><strong>Facebook<\/strong><\/a>,<strong>\u00a0<\/strong><a href=\"https:\/\/www.instagram.com\/cariri_em_acao\/?hl=pt-br\"><strong>Instagram<\/strong><\/a><strong>\u00a0e\u00a0<\/strong><a href=\"https:\/\/www.youtube.com\/channel\/UCAptA0jQuYQy8vMhLt2m4qg\"><strong>Youtube<\/strong><\/a><strong>\u00a0e veja nossas mat\u00e9rias, v\u00eddeos e fotos. Voc\u00ea tamb\u00e9m pode enviar informa\u00e7\u00f5es \u00e0 Reda\u00e7\u00e3o do Portal Cariri em A\u00e7\u00e3o pelo WhatsApp (83) 9 9634.5791, (83) 9 9601-1162.<\/strong><\/p>\n","protected":false},"excerpt":{"rendered":"<p>Mais de 1,5 milh\u00e3o de camisinhas e 100 mil sach\u00eas de gel lubrificante v\u00e3o ser distribu\u00eddos pela Secretaria de Sa\u00fade do Estado durante o per\u00edodo&hellip; <\/p>\n","protected":false},"author":2,"featured_media":39405,"comment_status":"closed","ping_status":"closed","sticky":false,"template":"","format":"standard","meta":{"sfsi_plus_gutenberg_text_before_share":"","sfsi_plus_gutenberg_show_text_before_share":"","sfsi_plus_gutenberg_icon_type":"","sfsi_plus_gutenberg_icon_alignemt":"","sfsi_plus_gutenburg_max_per_row":"","footnotes":""},"categories":[16],"tags":[],"class_list":["post-39404","post","type-post","status-publish","format-standard","has-post-thumbnail","hentry","category-saude"],"_links":{"self":[{"href":"https:\/\/www.caririemacao.com\/1\/wp-json\/wp\/v2\/posts\/39404","targetHints":{"allow":["GET"]}}],"collection":[{"href":"https:\/\/www.caririemacao.com\/1\/wp-json\/wp\/v2\/posts"}],"about":[{"href":"https:\/\/www.caririemacao.com\/1\/wp-json\/wp\/v2\/types\/post"}],"author":[{"embeddable":true,"href":"https:\/\/www.caririemacao.com\/1\/wp-json\/wp\/v2\/users\/2"}],"replies":[{"embeddable":true,"href":"https:\/\/www.caririemacao.com\/1\/wp-json\/wp\/v2\/comments?post=39404"}],"version-history":[{"count":0,"href":"https:\/\/www.caririemacao.com\/1\/wp-json\/wp\/v2\/posts\/39404\/revisions"}],"wp:featuredmedia":[{"embeddable":true,"href":"https:\/\/www.caririemacao.com\/1\/wp-json\/wp\/v2\/media\/39405"}],"wp:attachment":[{"href":"https:\/\/www.caririemacao.com\/1\/wp-json\/wp\/v2\/media?parent=39404"}],"wp:term":[{"taxonomy":"category","embeddable":true,"href":"https:\/\/www.caririemacao.com\/1\/wp-json\/wp\/v2\/categories?post=39404"},{"taxonomy":"post_tag","embeddable":true,"href":"https:\/\/www.caririemacao.com\/1\/wp-json\/wp\/v2\/tags?post=39404"}],"curies":[{"name":"wp","href":"https:\/\/api.w.org\/{rel}","templated":true}]}}