{"id":39411,"date":"2018-02-01T07:16:54","date_gmt":"2018-02-01T10:16:54","guid":{"rendered":"http:\/\/caririemacao.com\/1\/?p=39411"},"modified":"2018-02-01T07:16:54","modified_gmt":"2018-02-01T10:16:54","slug":"adolescente-filho-de-guarda-municipal-e-morto-a-tiros","status":"publish","type":"post","link":"https:\/\/www.caririemacao.com\/1\/2018\/02\/01\/adolescente-filho-de-guarda-municipal-e-morto-a-tiros\/","title":{"rendered":"Adolescente filho de guarda municipal \u00e9 morto a tiros"},"content":{"rendered":"<p>Um adolescente de 15 anos foi morto a tiros no bairro Padre Z\u00e9, na Zona Norte de Jo\u00e3o Pessoa, na noite desta quarta-feira (31). O rapaz assassinado era filho de um guarda municipal e sobrinho de um sargento da Pol\u00edcia Militar.<\/p>\n<p>Segundo policiais, que obtiveram informa\u00e7\u00f5es a partir de relatos de familiares da v\u00edtima, o garoto estava andando na rua quando dois homens que trafegavam em uma motocicleta se aproximaram e come\u00e7aram a atirar. Baleado, o jovem tentou se esconder em uma casa que estava com o port\u00e3o da frente aberto, mas n\u00e3o resistiu aos ferimentos e morreu no local.<\/p>\n<p>Os criminosos fugiram em seguida sem ser identificados. As motiva\u00e7\u00f5es para o ato n\u00e3o foram apuradas. Ningu\u00e9m foi detido como suspeito do crime at\u00e9 o fechamento desta mat\u00e9ria.<\/p>\n<p>A pol\u00edcia informou que o adolescente n\u00e3o tinha envolvimento com o tr\u00e1fico de drogas e nunca havia sido apreendido.<\/p>\n<div class=\"td-a-rec td-a-rec-id-content_bottom  td_uid_1_5a72e8a85facb_rand td_block_template_1\">\n<p><strong>CARIRI EM A\u00c7\u00c3O<\/strong><\/p>\n<p><em>Com Portal Correio<\/em><\/p>\n<p><strong>Leia mais not\u00edcias em\u00a0<\/strong><a href=\"http:\/\/www.caririemacao.com\/\"><strong>caririemacao.com<\/strong><\/a><strong>, siga nossa p\u00e1gina no\u00a0<\/strong><a href=\"https:\/\/www.facebook.com\/CaririEmAcao\/?ref=aymt_homepage_panel\"><strong>Facebook<\/strong><\/a>,<strong>\u00a0<\/strong><a href=\"https:\/\/www.instagram.com\/cariri_em_acao\/?hl=pt-br\"><strong>Instagram<\/strong><\/a><strong>\u00a0e\u00a0<\/strong><a href=\"https:\/\/www.youtube.com\/channel\/UCAptA0jQuYQy8vMhLt2m4qg\"><strong>Youtube<\/strong><\/a><strong>\u00a0e veja nossas mat\u00e9rias, v\u00eddeos e fotos. Voc\u00ea tamb\u00e9m pode enviar informa\u00e7\u00f5es \u00e0 Reda\u00e7\u00e3o do Portal Cariri em A\u00e7\u00e3o pelo WhatsApp (83) 9 9634.5791, (83) 9 9601-1162.<\/strong><\/p>\n<\/div>\n","protected":false},"excerpt":{"rendered":"<p>Um adolescente de 15 anos foi morto a tiros no bairro Padre Z\u00e9, na Zona Norte de Jo\u00e3o Pessoa, na noite desta quarta-feira (31). O&hellip; <\/p>\n","protected":false},"author":2,"featured_media":25619,"comment_status":"closed","ping_status":"closed","sticky":false,"template":"","format":"standard","meta":{"sfsi_plus_gutenberg_text_before_share":"","sfsi_plus_gutenberg_show_text_before_share":"","sfsi_plus_gutenberg_icon_type":"","sfsi_plus_gutenberg_icon_alignemt":"","sfsi_plus_gutenburg_max_per_row":"","footnotes":""},"categories":[12],"tags":[],"class_list":["post-39411","post","type-post","status-publish","format-standard","has-post-thumbnail","hentry","category-policia"],"_links":{"self":[{"href":"https:\/\/www.caririemacao.com\/1\/wp-json\/wp\/v2\/posts\/39411","targetHints":{"allow":["GET"]}}],"collection":[{"href":"https:\/\/www.caririemacao.com\/1\/wp-json\/wp\/v2\/posts"}],"about":[{"href":"https:\/\/www.caririemacao.com\/1\/wp-json\/wp\/v2\/types\/post"}],"author":[{"embeddable":true,"href":"https:\/\/www.caririemacao.com\/1\/wp-json\/wp\/v2\/users\/2"}],"replies":[{"embeddable":true,"href":"https:\/\/www.caririemacao.com\/1\/wp-json\/wp\/v2\/comments?post=39411"}],"version-history":[{"count":0,"href":"https:\/\/www.caririemacao.com\/1\/wp-json\/wp\/v2\/posts\/39411\/revisions"}],"wp:featuredmedia":[{"embeddable":true,"href":"https:\/\/www.caririemacao.com\/1\/wp-json\/wp\/v2\/media\/25619"}],"wp:attachment":[{"href":"https:\/\/www.caririemacao.com\/1\/wp-json\/wp\/v2\/media?parent=39411"}],"wp:term":[{"taxonomy":"category","embeddable":true,"href":"https:\/\/www.caririemacao.com\/1\/wp-json\/wp\/v2\/categories?post=39411"},{"taxonomy":"post_tag","embeddable":true,"href":"https:\/\/www.caririemacao.com\/1\/wp-json\/wp\/v2\/tags?post=39411"}],"curies":[{"name":"wp","href":"https:\/\/api.w.org\/{rel}","templated":true}]}}