{"id":39413,"date":"2018-02-01T07:23:40","date_gmt":"2018-02-01T10:23:40","guid":{"rendered":"http:\/\/caririemacao.com\/1\/?p=39413"},"modified":"2018-02-01T07:23:40","modified_gmt":"2018-02-01T10:23:40","slug":"abertas-inscricoes-para-47o-concurso-internacional-de-redacao-de-cartas","status":"publish","type":"post","link":"https:\/\/www.caririemacao.com\/1\/2018\/02\/01\/abertas-inscricoes-para-47o-concurso-internacional-de-redacao-de-cartas\/","title":{"rendered":"Abertas inscri\u00e7\u00f5es para 47\u00ba Concurso Internacional de Reda\u00e7\u00e3o de Cartas"},"content":{"rendered":"<p>Est\u00e3o abertas, a partir desta quinta-feira (1\u00ba) at\u00e9 o dia 16 de mar\u00e7o, as inscri\u00e7\u00f5es para o 47\u00b0 Concurso Internacional de Reda\u00e7\u00e3o de Cartas, realizado no Brasil pelos Correios. O concurso \u00e9 promovido anualmente pela Uni\u00e3o Postal Universal (UPU), sediada em Berna, na Su\u00ed\u00e7a, com o objetivo de incentivar as crian\u00e7as e adolescentes a expressarem a criatividade e a melhorarem os conhecimentos lingu\u00edsticos. Podem participar estudantes de at\u00e9 15 anos de idade, no prazo limite do dia 05\/05\/2018.<\/p>\n<p>O tema dessa edi\u00e7\u00e3o \u00e9: \u201cImagine que voc\u00ea \u00e9 uma carta que viaja no tempo. Que mensagem voc\u00ea quer deixar para seus leitores?\u201d<\/p>\n<p>No Brasil, o concurso \u00e9 desenvolvido em tr\u00eas fases: escolar, estadual e nacional. A quarta etapa \u2013 fase internacional \u2013 fica a cargo da UPU. A participa\u00e7\u00e3o se d\u00e1 por meio das escolas (rede p\u00fablica e privada), que selecionam, entre as reda\u00e7\u00f5es de seus alunos, at\u00e9 duas melhores cartas para represent\u00e1-las.<\/p>\n<p><strong>Premia\u00e7\u00e3o<\/strong><\/p>\n<p>Na fase estadual, s\u00e3o premiadas as tr\u00eas primeiras melhores reda\u00e7\u00f5es de cada Estado e, na fase nacional, \u00e9 escolhida apenas uma carta, que ir\u00e1 representar o Brasil na fase internacional.<\/p>\n<p>A premia\u00e7\u00e3o do primeiro lugar estadual \u00e9 de R$ 2 mil, para o aluno, e R$ 2,5 mil para a escola. O vencedor da fase nacional recebe um trof\u00e9u e R$ 5 mil. A escola receber\u00e1 o valor de R$ 10 mil.<\/p>\n<p><strong>Reda\u00e7\u00f5es<\/strong><\/p>\n<p>As reda\u00e7\u00f5es devem ser cartas argumentativas, escritas em l\u00edngua portuguesa, relacionadas estritamente ao tema fixado e conter o m\u00e1ximo de 900 palavras.\u00a0 S\u00f3 ser\u00e3o aceitas reda\u00e7\u00f5es escritas, de pr\u00f3prio punho, com caneta esferogr\u00e1fica preta ou azul.<\/p>\n<p><strong>CARIRI EM A\u00c7\u00c3O<\/strong><\/p>\n<p><em>Com Portal Correio<\/em><em>\/Foto:\u00a0Kelsen Fernandes<\/em><\/p>\n<p><strong>Leia mais not\u00edcias em\u00a0<\/strong><a href=\"http:\/\/www.caririemacao.com\/\"><strong>caririemacao.com<\/strong><\/a><strong>, siga nossa p\u00e1gina no\u00a0<\/strong><a href=\"https:\/\/www.facebook.com\/CaririEmAcao\/?ref=aymt_homepage_panel\"><strong>Facebook<\/strong><\/a>,<strong>\u00a0<\/strong><a href=\"https:\/\/www.instagram.com\/cariri_em_acao\/?hl=pt-br\"><strong>Instagram<\/strong><\/a><strong>\u00a0e\u00a0<\/strong><a href=\"https:\/\/www.youtube.com\/channel\/UCAptA0jQuYQy8vMhLt2m4qg\"><strong>Youtube<\/strong><\/a><strong>\u00a0e veja nossas mat\u00e9rias, v\u00eddeos e fotos. Voc\u00ea tamb\u00e9m pode enviar informa\u00e7\u00f5es \u00e0 Reda\u00e7\u00e3o do Portal Cariri em A\u00e7\u00e3o pelo WhatsApp (83) 9 9634.5791, (83) 9 9601-1162.<\/strong><\/p>\n","protected":false},"excerpt":{"rendered":"<p>Est\u00e3o abertas, a partir desta quinta-feira (1\u00ba) at\u00e9 o dia 16 de mar\u00e7o, as inscri\u00e7\u00f5es para o 47\u00b0 Concurso Internacional de Reda\u00e7\u00e3o de Cartas, realizado&hellip; <\/p>\n","protected":false},"author":2,"featured_media":39414,"comment_status":"closed","ping_status":"closed","sticky":false,"template":"","format":"standard","meta":{"sfsi_plus_gutenberg_text_before_share":"","sfsi_plus_gutenberg_show_text_before_share":"","sfsi_plus_gutenberg_icon_type":"","sfsi_plus_gutenberg_icon_alignemt":"","sfsi_plus_gutenburg_max_per_row":"","footnotes":""},"categories":[2],"tags":[],"class_list":["post-39413","post","type-post","status-publish","format-standard","has-post-thumbnail","hentry","category-geral"],"_links":{"self":[{"href":"https:\/\/www.caririemacao.com\/1\/wp-json\/wp\/v2\/posts\/39413","targetHints":{"allow":["GET"]}}],"collection":[{"href":"https:\/\/www.caririemacao.com\/1\/wp-json\/wp\/v2\/posts"}],"about":[{"href":"https:\/\/www.caririemacao.com\/1\/wp-json\/wp\/v2\/types\/post"}],"author":[{"embeddable":true,"href":"https:\/\/www.caririemacao.com\/1\/wp-json\/wp\/v2\/users\/2"}],"replies":[{"embeddable":true,"href":"https:\/\/www.caririemacao.com\/1\/wp-json\/wp\/v2\/comments?post=39413"}],"version-history":[{"count":0,"href":"https:\/\/www.caririemacao.com\/1\/wp-json\/wp\/v2\/posts\/39413\/revisions"}],"wp:featuredmedia":[{"embeddable":true,"href":"https:\/\/www.caririemacao.com\/1\/wp-json\/wp\/v2\/media\/39414"}],"wp:attachment":[{"href":"https:\/\/www.caririemacao.com\/1\/wp-json\/wp\/v2\/media?parent=39413"}],"wp:term":[{"taxonomy":"category","embeddable":true,"href":"https:\/\/www.caririemacao.com\/1\/wp-json\/wp\/v2\/categories?post=39413"},{"taxonomy":"post_tag","embeddable":true,"href":"https:\/\/www.caririemacao.com\/1\/wp-json\/wp\/v2\/tags?post=39413"}],"curies":[{"name":"wp","href":"https:\/\/api.w.org\/{rel}","templated":true}]}}