{"id":39416,"date":"2018-02-01T07:28:00","date_gmt":"2018-02-01T10:28:00","guid":{"rendered":"http:\/\/caririemacao.com\/1\/?p=39416"},"modified":"2018-02-01T07:28:00","modified_gmt":"2018-02-01T10:28:00","slug":"apos-pesquisa-lula-decide-antecipar-lancamento-de-pre-candidatura","status":"publish","type":"post","link":"https:\/\/www.caririemacao.com\/1\/2018\/02\/01\/apos-pesquisa-lula-decide-antecipar-lancamento-de-pre-candidatura\/","title":{"rendered":"Ap\u00f3s pesquisa, Lula decide antecipar lan\u00e7amento de pr\u00e9-candidatura"},"content":{"rendered":"<p>O ato dever\u00e1 ocorrer na pr\u00f3xima quarta-feira (7), em Minas Gerais, Estado governado pelo petista Fernando Pimentel.<\/p>\n<p>Dirigentes do PT de Minas est\u00e3o organizando \u00e0s pressas ato de pr\u00e9-lan\u00e7amento. Segundo petistas, s\u00f3 amanh\u00e3 haver\u00e1 defini\u00e7\u00e3o de local.<\/p>\n<p>A inten\u00e7\u00e3o \u00e9 evitar que o feriado do Carnaval quebre o ritmo adotado por Lula desde o in\u00edcio das caravanas que protagonizou pelo Nordeste e Sudeste.<\/p>\n<p>&nbsp;<\/p>\n<p>Segundo o Datafolha, Lula mant\u00e9m lideran\u00e7a nas pesquisas mesmo ap\u00f3s sua condena\u00e7\u00e3o pelo TRF4 (Tribunal Regional Federal da 4 Regi\u00e3o).<\/p>\n<p>Minas \u00e9 o \u00fanico Estado do Sudeste administrado por um petista. Na noite desta ter\u00e7a-feira (30), dirigentes do partido chegaram a sugerir que Lula lan\u00e7asse sua pr\u00e9-candidatura no Nordeste, onde lidera com folga as pesquisas.<\/p>\n<p>Mas prevaleceu o argumento de que estaria se refugiando em uma zona de conforto.<\/p>\n<p><strong>CARIRI EM A\u00c7\u00c3O<\/strong><\/p>\n<p><em>Com Bras\u00edlia de fato<\/em><em>\/Foto:\u00a0Bras\u00edlia de fato<\/em><\/p>\n<p><strong>Leia mais not\u00edcias em\u00a0<\/strong><a href=\"http:\/\/www.caririemacao.com\/\"><strong>caririemacao.com<\/strong><\/a><strong>, siga nossa p\u00e1gina no\u00a0<\/strong><a href=\"https:\/\/www.facebook.com\/CaririEmAcao\/?ref=aymt_homepage_panel\"><strong>Facebook<\/strong><\/a>,<strong>\u00a0<\/strong><a href=\"https:\/\/www.instagram.com\/cariri_em_acao\/?hl=pt-br\"><strong>Instagram<\/strong><\/a><strong>\u00a0e\u00a0<\/strong><a href=\"https:\/\/www.youtube.com\/channel\/UCAptA0jQuYQy8vMhLt2m4qg\"><strong>Youtube<\/strong><\/a><strong>\u00a0e veja nossas mat\u00e9rias, v\u00eddeos e fotos. Voc\u00ea tamb\u00e9m pode enviar informa\u00e7\u00f5es \u00e0 Reda\u00e7\u00e3o do Portal Cariri em A\u00e7\u00e3o pelo WhatsApp (83) 9 9634.5791, (83) 9 9601-1162.<\/strong><\/p>\n","protected":false},"excerpt":{"rendered":"<p>O ato dever\u00e1 ocorrer na pr\u00f3xima quarta-feira (7), em Minas Gerais, Estado governado pelo petista Fernando Pimentel. Dirigentes do PT de Minas est\u00e3o organizando \u00e0s&hellip; <\/p>\n","protected":false},"author":2,"featured_media":39417,"comment_status":"closed","ping_status":"closed","sticky":false,"template":"","format":"standard","meta":{"sfsi_plus_gutenberg_text_before_share":"","sfsi_plus_gutenberg_show_text_before_share":"","sfsi_plus_gutenberg_icon_type":"","sfsi_plus_gutenberg_icon_alignemt":"","sfsi_plus_gutenburg_max_per_row":"","footnotes":""},"categories":[11],"tags":[],"class_list":["post-39416","post","type-post","status-publish","format-standard","has-post-thumbnail","hentry","category-politica"],"_links":{"self":[{"href":"https:\/\/www.caririemacao.com\/1\/wp-json\/wp\/v2\/posts\/39416","targetHints":{"allow":["GET"]}}],"collection":[{"href":"https:\/\/www.caririemacao.com\/1\/wp-json\/wp\/v2\/posts"}],"about":[{"href":"https:\/\/www.caririemacao.com\/1\/wp-json\/wp\/v2\/types\/post"}],"author":[{"embeddable":true,"href":"https:\/\/www.caririemacao.com\/1\/wp-json\/wp\/v2\/users\/2"}],"replies":[{"embeddable":true,"href":"https:\/\/www.caririemacao.com\/1\/wp-json\/wp\/v2\/comments?post=39416"}],"version-history":[{"count":0,"href":"https:\/\/www.caririemacao.com\/1\/wp-json\/wp\/v2\/posts\/39416\/revisions"}],"wp:featuredmedia":[{"embeddable":true,"href":"https:\/\/www.caririemacao.com\/1\/wp-json\/wp\/v2\/media\/39417"}],"wp:attachment":[{"href":"https:\/\/www.caririemacao.com\/1\/wp-json\/wp\/v2\/media?parent=39416"}],"wp:term":[{"taxonomy":"category","embeddable":true,"href":"https:\/\/www.caririemacao.com\/1\/wp-json\/wp\/v2\/categories?post=39416"},{"taxonomy":"post_tag","embeddable":true,"href":"https:\/\/www.caririemacao.com\/1\/wp-json\/wp\/v2\/tags?post=39416"}],"curies":[{"name":"wp","href":"https:\/\/api.w.org\/{rel}","templated":true}]}}