{"id":39421,"date":"2018-02-01T07:52:06","date_gmt":"2018-02-01T10:52:06","guid":{"rendered":"http:\/\/caririemacao.com\/1\/?p=39421"},"modified":"2018-02-01T07:52:06","modified_gmt":"2018-02-01T10:52:06","slug":"em-noite-de-superlua-azul-de-sangue-fenomeno-mais-comum-e-visto-no-brasil","status":"publish","type":"post","link":"https:\/\/www.caririemacao.com\/1\/2018\/02\/01\/em-noite-de-superlua-azul-de-sangue-fenomeno-mais-comum-e-visto-no-brasil\/","title":{"rendered":"Em noite de &#8220;Superlua azul de sangue&#8221;, fen\u00f4meno mais comum \u00e9 visto no Brasil"},"content":{"rendered":"<p class=\"\">A chamada\u00a0\u00a0Superlua<strong>\u00a0<\/strong>\u00a0pode ser vista no mundo inteiro na noite desta quarta-feira (31). Essa \u00e9\u00a0segunda\u00a0vez que o\u00a0fen\u00f4meno\u00a0\u00a0ocorre em 2018. A primeira aconteceu logo na noite do dia 1\u00ba de janeiro. O fen\u00f4meno tamb\u00e9m aconteceu no dia 3 de dezembro de 2017. A sequ\u00eancia vem sendo chamado por astr\u00f4nomos de &#8220;trilogia de Superluas&#8221;.<\/p>\n<p class=\"\">O fen\u00f4meno da\u00a0\u00a0Superlua\u00a0\u00a0acontece quando o per\u00edodo de Lua cheia coincide com a aproxima\u00e7\u00e3o m\u00e1xima entre a Terra e o sat\u00e9lite, chamada da perigeu. Na noite desta quarta-feira, o espa\u00e7o entre os astros \u00e9 de aproximadamente 359 mil\u00a0km. De acordo com informa\u00e7\u00f5es da Nasa, a dist\u00e2ncia m\u00e9dia costuma ser de\u00a0384 mil km.<\/p>\n<div id=\"ad_mrec_intext\" class=\"publicidade advertising-box\" data-google-query-id=\"CPTX_vPEhNkCFZcNhgodb-UALA\"><\/div>\n<p class=\"\">\n<p>Estatisticamente falando, o nosso sat\u00e9lite natural fica 15% mais brilhante e 30% maior do que as luas cheias regulares, segundo informa\u00e7\u00f5es do canal de televis\u00e3o &#8220;BBC&#8221;. Esse aumento \u00e9 bastate percept\u00edvel a olho n\u00fa.<\/p>\n<p>A noite desta quarta tamb\u00e9m foi marcada por um fen\u00f4meno ainda mais raro: a &#8220;Superlua de sangue azul&#8221;, combina\u00e7\u00e3o de tr\u00eas fen\u00f4menos astron\u00f4micos diferentes que foi registrada pela \u00faltima vez h\u00e1 150 anos. A combin\u00e7\u00e3o consiste na Superlua, na Lua de Sague e na Lua Azul.<\/p>\n<p>A \u201c\u00a0Lua de Sangue\u00a0\u201d \u00e9 o nome dado a um acontecimento j\u00e1 conhecido por muitos de n\u00f3s: o eclipse lunar total. Isso porque, quando a luz passa pela atmosfera da Terra durante o fen\u00f4meno, a luz vermelha proveniente do sol \u00e9 refletida, resultando em um tom avermelhado em nosso sat\u00e9lite natural. Esse efeito, no entanto, n\u00e3o pode ser avistado no Brasil e foi melhor visto na Am\u00e9rica do Norte, \u00c1sia, Austr\u00e1lia, Nova Zel\u00e2ndia e no leste da R\u00fassia.<\/p>\n<p>Por outro lado, o acontecimento da \u201c\u00a0Lua\u00a0Azul\u00a0\u201d \u00a0n\u00e3o \u00e9 um fen\u00f4meno astron\u00f4mico. Na realidade, \u00e9 apenas o nome que damos para a segunda lua cheia\u00a0em um mesmo m\u00eas, e que s\u00f3 acontece a cada dois anos e meio. A Lua Azul n\u00e3o produz qualquer efeito visual.<\/p>\n<p><strong>CARIRI EM A\u00c7\u00c3O<\/strong><\/p>\n<p><em>Com \u00daltimo segundo<\/em><em>\/Foto: Reprodu\u00e7\u00e3o\u00a0<\/em><\/p>\n<p><strong>Leia mais not\u00edcias em\u00a0<\/strong><a href=\"http:\/\/www.caririemacao.com\/\"><strong>caririemacao.com<\/strong><\/a><strong>, siga nossa p\u00e1gina no\u00a0<\/strong><a href=\"https:\/\/www.facebook.com\/CaririEmAcao\/?ref=aymt_homepage_panel\"><strong>Facebook<\/strong><\/a>,<strong>\u00a0<\/strong><a href=\"https:\/\/www.instagram.com\/cariri_em_acao\/?hl=pt-br\"><strong>Instagram<\/strong><\/a><strong>\u00a0e\u00a0<\/strong><a href=\"https:\/\/www.youtube.com\/channel\/UCAptA0jQuYQy8vMhLt2m4qg\"><strong>Youtube<\/strong><\/a><strong>\u00a0e veja nossas mat\u00e9rias, v\u00eddeos e fotos. Voc\u00ea tamb\u00e9m pode enviar informa\u00e7\u00f5es \u00e0 Reda\u00e7\u00e3o do Portal Cariri em A\u00e7\u00e3o pelo WhatsApp (83) 9 9634.5791, (83) 9 9601-1162.<\/strong><\/p>\n","protected":false},"excerpt":{"rendered":"<p>A chamada\u00a0\u00a0Superlua\u00a0\u00a0pode ser vista no mundo inteiro na noite desta quarta-feira (31). Essa \u00e9\u00a0segunda\u00a0vez que o\u00a0fen\u00f4meno\u00a0\u00a0ocorre em 2018. A primeira aconteceu logo na noite do&hellip; <\/p>\n","protected":false},"author":2,"featured_media":39422,"comment_status":"closed","ping_status":"closed","sticky":false,"template":"","format":"standard","meta":{"sfsi_plus_gutenberg_text_before_share":"","sfsi_plus_gutenberg_show_text_before_share":"","sfsi_plus_gutenberg_icon_type":"","sfsi_plus_gutenberg_icon_alignemt":"","sfsi_plus_gutenburg_max_per_row":"","footnotes":""},"categories":[2],"tags":[],"class_list":["post-39421","post","type-post","status-publish","format-standard","has-post-thumbnail","hentry","category-geral"],"_links":{"self":[{"href":"https:\/\/www.caririemacao.com\/1\/wp-json\/wp\/v2\/posts\/39421","targetHints":{"allow":["GET"]}}],"collection":[{"href":"https:\/\/www.caririemacao.com\/1\/wp-json\/wp\/v2\/posts"}],"about":[{"href":"https:\/\/www.caririemacao.com\/1\/wp-json\/wp\/v2\/types\/post"}],"author":[{"embeddable":true,"href":"https:\/\/www.caririemacao.com\/1\/wp-json\/wp\/v2\/users\/2"}],"replies":[{"embeddable":true,"href":"https:\/\/www.caririemacao.com\/1\/wp-json\/wp\/v2\/comments?post=39421"}],"version-history":[{"count":0,"href":"https:\/\/www.caririemacao.com\/1\/wp-json\/wp\/v2\/posts\/39421\/revisions"}],"wp:featuredmedia":[{"embeddable":true,"href":"https:\/\/www.caririemacao.com\/1\/wp-json\/wp\/v2\/media\/39422"}],"wp:attachment":[{"href":"https:\/\/www.caririemacao.com\/1\/wp-json\/wp\/v2\/media?parent=39421"}],"wp:term":[{"taxonomy":"category","embeddable":true,"href":"https:\/\/www.caririemacao.com\/1\/wp-json\/wp\/v2\/categories?post=39421"},{"taxonomy":"post_tag","embeddable":true,"href":"https:\/\/www.caririemacao.com\/1\/wp-json\/wp\/v2\/tags?post=39421"}],"curies":[{"name":"wp","href":"https:\/\/api.w.org\/{rel}","templated":true}]}}