{"id":39424,"date":"2018-02-01T07:54:57","date_gmt":"2018-02-01T10:54:57","guid":{"rendered":"http:\/\/caririemacao.com\/1\/?p=39424"},"modified":"2018-02-01T07:54:57","modified_gmt":"2018-02-01T10:54:57","slug":"prefeito-adriano-wolff-concede-entrevista-e-fala-sobre-economia-saude-educacao-e-varios-outros-temas-na-tv-master","status":"publish","type":"post","link":"https:\/\/www.caririemacao.com\/1\/2018\/02\/01\/prefeito-adriano-wolff-concede-entrevista-e-fala-sobre-economia-saude-educacao-e-varios-outros-temas-na-tv-master\/","title":{"rendered":"Prefeito Adriano Wolff concede entrevista e fala sobre economia, sa\u00fade, educa\u00e7\u00e3o e v\u00e1rios outros temas na TV MASTER"},"content":{"rendered":"<p>Foi muito positiva a entrevista concedida nesta ter\u00e7a feira pelo prefeito de S\u00e3o Sebasti\u00e3o do Umbuzeiro Adriano Wolff na TV MASTER durante o programa ALEX FILHO COM VOCE<\/p>\n<p>O prefeito falou e levou informa\u00e7\u00f5es sobre v\u00e1rios assuntos entre eles, a economia e gera\u00e7\u00e3o de renda local, atrav\u00e9s da produ\u00e7\u00e3o de leite, o trabalho das rendeiras e outros projetos que contaram com o investimento do munic\u00edpio em parceria com o governo do estado.<\/p>\n<p>Tamb\u00e9m foi debatida a qualidade da educa\u00e7\u00e3o municipal em S\u00e3o Sebasti\u00e3o do Umbuzeiro, os investimentos em sa\u00fade e ainda o turismo, lazer e esporte entre outros assuntos.<\/p>\n<p><strong>CARIRI EM A\u00c7\u00c3O<\/strong><\/p>\n<p><em>Com Blog do Didi<\/em><em>\/Foto: Reprodu\u00e7\u00e3o\u00a0<\/em><\/p>\n<p><strong>Leia mais not\u00edcias em\u00a0<\/strong><a href=\"http:\/\/www.caririemacao.com\/\"><strong>caririemacao.com<\/strong><\/a><strong>, siga nossa p\u00e1gina no\u00a0<\/strong><a href=\"https:\/\/www.facebook.com\/CaririEmAcao\/?ref=aymt_homepage_panel\"><strong>Facebook<\/strong><\/a>,<strong>\u00a0<\/strong><a href=\"https:\/\/www.instagram.com\/cariri_em_acao\/?hl=pt-br\"><strong>Instagram<\/strong><\/a><strong>\u00a0e\u00a0<\/strong><a href=\"https:\/\/www.youtube.com\/channel\/UCAptA0jQuYQy8vMhLt2m4qg\"><strong>Youtube<\/strong><\/a><strong>\u00a0e veja nossas mat\u00e9rias, v\u00eddeos e fotos. Voc\u00ea tamb\u00e9m pode enviar informa\u00e7\u00f5es \u00e0 Reda\u00e7\u00e3o do Portal Cariri em A\u00e7\u00e3o pelo WhatsApp (83) 9 9634.5791, (83) 9 9601-1162.<\/strong><\/p>\n","protected":false},"excerpt":{"rendered":"<p>Foi muito positiva a entrevista concedida nesta ter\u00e7a feira pelo prefeito de S\u00e3o Sebasti\u00e3o do Umbuzeiro Adriano Wolff na TV MASTER durante o programa ALEX&hellip; <\/p>\n","protected":false},"author":2,"featured_media":35820,"comment_status":"closed","ping_status":"closed","sticky":false,"template":"","format":"standard","meta":{"sfsi_plus_gutenberg_text_before_share":"","sfsi_plus_gutenberg_show_text_before_share":"","sfsi_plus_gutenberg_icon_type":"","sfsi_plus_gutenberg_icon_alignemt":"","sfsi_plus_gutenburg_max_per_row":"","footnotes":""},"categories":[11],"tags":[],"class_list":["post-39424","post","type-post","status-publish","format-standard","has-post-thumbnail","hentry","category-politica"],"_links":{"self":[{"href":"https:\/\/www.caririemacao.com\/1\/wp-json\/wp\/v2\/posts\/39424","targetHints":{"allow":["GET"]}}],"collection":[{"href":"https:\/\/www.caririemacao.com\/1\/wp-json\/wp\/v2\/posts"}],"about":[{"href":"https:\/\/www.caririemacao.com\/1\/wp-json\/wp\/v2\/types\/post"}],"author":[{"embeddable":true,"href":"https:\/\/www.caririemacao.com\/1\/wp-json\/wp\/v2\/users\/2"}],"replies":[{"embeddable":true,"href":"https:\/\/www.caririemacao.com\/1\/wp-json\/wp\/v2\/comments?post=39424"}],"version-history":[{"count":0,"href":"https:\/\/www.caririemacao.com\/1\/wp-json\/wp\/v2\/posts\/39424\/revisions"}],"wp:featuredmedia":[{"embeddable":true,"href":"https:\/\/www.caririemacao.com\/1\/wp-json\/wp\/v2\/media\/35820"}],"wp:attachment":[{"href":"https:\/\/www.caririemacao.com\/1\/wp-json\/wp\/v2\/media?parent=39424"}],"wp:term":[{"taxonomy":"category","embeddable":true,"href":"https:\/\/www.caririemacao.com\/1\/wp-json\/wp\/v2\/categories?post=39424"},{"taxonomy":"post_tag","embeddable":true,"href":"https:\/\/www.caririemacao.com\/1\/wp-json\/wp\/v2\/tags?post=39424"}],"curies":[{"name":"wp","href":"https:\/\/api.w.org\/{rel}","templated":true}]}}