{"id":39426,"date":"2018-02-01T07:59:16","date_gmt":"2018-02-01T10:59:16","guid":{"rendered":"http:\/\/caririemacao.com\/1\/?p=39426"},"modified":"2018-02-01T07:59:16","modified_gmt":"2018-02-01T10:59:16","slug":"vacinacao-contra-febre-amarela-ja-esta-disponivel-para-monteiro-e-sume-2","status":"publish","type":"post","link":"https:\/\/www.caririemacao.com\/1\/2018\/02\/01\/vacinacao-contra-febre-amarela-ja-esta-disponivel-para-monteiro-e-sume-2\/","title":{"rendered":"Vacina\u00e7\u00e3o contra febre amarela j\u00e1 est\u00e1 dispon\u00edvel para Monteiro e Sum\u00e9"},"content":{"rendered":"<p>Secretaria Estadual de Sa\u00fade (SES) divulgou nesta ter\u00e7a-feira (30) uma lista dos locais onde \u00e9 poss\u00edvel se vacinar contra a febre amarela na Para\u00edba. Uma rela\u00e7\u00e3o de lugares considerados zona end\u00eamica da doen\u00e7a, tamb\u00e9m foi divulgada, para que as pessoas com viagem marcada para um desses lugares possam procurar os centros de imuniza\u00e7\u00e3o e tomar a vacina.<\/p>\n<p>A SES lembra que a Para\u00edba \u00e9 considerada \u00e1rea livre para Febre Amarela, sem circula\u00e7\u00e3o viral, mas se faz necess\u00e1rio que os servi\u00e7os de sa\u00fade p\u00fablicos e privados estejam atentos a poss\u00edveis casos suspeitos.<\/p>\n<p>O n\u00facleo de imuniza\u00e7\u00f5es da SES \u00e9 o setor respons\u00e1vel pela solicita\u00e7\u00e3o, recebimento, distribui\u00e7\u00e3o e monitoramento dos registros de doses aplicadas, alimentadas pelos 17 munic\u00edpios que s\u00e3o refer\u00eancias para administra\u00e7\u00e3o da vacina.<\/p>\n<p><strong>Veja abaixo lista dos servi\u00e7os para administra\u00e7\u00e3o da vacina contra febre amarela no Cariri:<\/strong><\/p>\n<p><strong>Monteiro<\/strong><br \/>\nPSF Centro<br \/>\nRua: Pedro Ferreira de Lima, 115;<\/p>\n<p><strong>Sum\u00e9<\/strong><br \/>\nPSF IV Maria do Carmo Ramos<br \/>\nRua: Francisco de Melo;<\/p>\n<p><strong>CARIRI EM A\u00c7\u00c3O<\/strong><\/p>\n<p><em>Com Cariri Ligado<\/em><em>\/Foto: Reprodu\u00e7\u00e3o\u00a0<\/em><\/p>\n<p><strong>Leia mais not\u00edcias em\u00a0<\/strong><a href=\"http:\/\/www.caririemacao.com\/\"><strong>caririemacao.com<\/strong><\/a><strong>, siga nossa p\u00e1gina no\u00a0<\/strong><a href=\"https:\/\/www.facebook.com\/CaririEmAcao\/?ref=aymt_homepage_panel\"><strong>Facebook<\/strong><\/a>,<strong>\u00a0<\/strong><a href=\"https:\/\/www.instagram.com\/cariri_em_acao\/?hl=pt-br\"><strong>Instagram<\/strong><\/a><strong>\u00a0e\u00a0<\/strong><a href=\"https:\/\/www.youtube.com\/channel\/UCAptA0jQuYQy8vMhLt2m4qg\"><strong>Youtube<\/strong><\/a><strong>\u00a0e veja nossas mat\u00e9rias, v\u00eddeos e fotos. Voc\u00ea tamb\u00e9m pode enviar informa\u00e7\u00f5es \u00e0 Reda\u00e7\u00e3o do Portal Cariri em A\u00e7\u00e3o pelo WhatsApp (83) 9 9634.5791, (83) 9 9601-1162.<\/strong><\/p>\n","protected":false},"excerpt":{"rendered":"<p>Secretaria Estadual de Sa\u00fade (SES) divulgou nesta ter\u00e7a-feira (30) uma lista dos locais onde \u00e9 poss\u00edvel se vacinar contra a febre amarela na Para\u00edba. Uma&hellip; <\/p>\n","protected":false},"author":2,"featured_media":26765,"comment_status":"closed","ping_status":"closed","sticky":false,"template":"","format":"standard","meta":{"sfsi_plus_gutenberg_text_before_share":"","sfsi_plus_gutenberg_show_text_before_share":"","sfsi_plus_gutenberg_icon_type":"","sfsi_plus_gutenberg_icon_alignemt":"","sfsi_plus_gutenburg_max_per_row":"","footnotes":""},"categories":[6],"tags":[],"class_list":["post-39426","post","type-post","status-publish","format-standard","has-post-thumbnail","hentry","category-cidades"],"_links":{"self":[{"href":"https:\/\/www.caririemacao.com\/1\/wp-json\/wp\/v2\/posts\/39426","targetHints":{"allow":["GET"]}}],"collection":[{"href":"https:\/\/www.caririemacao.com\/1\/wp-json\/wp\/v2\/posts"}],"about":[{"href":"https:\/\/www.caririemacao.com\/1\/wp-json\/wp\/v2\/types\/post"}],"author":[{"embeddable":true,"href":"https:\/\/www.caririemacao.com\/1\/wp-json\/wp\/v2\/users\/2"}],"replies":[{"embeddable":true,"href":"https:\/\/www.caririemacao.com\/1\/wp-json\/wp\/v2\/comments?post=39426"}],"version-history":[{"count":0,"href":"https:\/\/www.caririemacao.com\/1\/wp-json\/wp\/v2\/posts\/39426\/revisions"}],"wp:featuredmedia":[{"embeddable":true,"href":"https:\/\/www.caririemacao.com\/1\/wp-json\/wp\/v2\/media\/26765"}],"wp:attachment":[{"href":"https:\/\/www.caririemacao.com\/1\/wp-json\/wp\/v2\/media?parent=39426"}],"wp:term":[{"taxonomy":"category","embeddable":true,"href":"https:\/\/www.caririemacao.com\/1\/wp-json\/wp\/v2\/categories?post=39426"},{"taxonomy":"post_tag","embeddable":true,"href":"https:\/\/www.caririemacao.com\/1\/wp-json\/wp\/v2\/tags?post=39426"}],"curies":[{"name":"wp","href":"https:\/\/api.w.org\/{rel}","templated":true}]}}