{"id":39428,"date":"2018-02-01T08:03:51","date_gmt":"2018-02-01T11:03:51","guid":{"rendered":"http:\/\/caririemacao.com\/1\/?p=39428"},"modified":"2018-02-01T08:03:51","modified_gmt":"2018-02-01T11:03:51","slug":"stf-volta-do-recesso-nesta-quinta-com-julgamento-sobre-venda-de-cigarro-com-sabor","status":"publish","type":"post","link":"https:\/\/www.caririemacao.com\/1\/2018\/02\/01\/stf-volta-do-recesso-nesta-quinta-com-julgamento-sobre-venda-de-cigarro-com-sabor\/","title":{"rendered":"STF volta do recesso nesta quinta com julgamento sobre venda de cigarro com sabor"},"content":{"rendered":"<div class=\"mc-column content-text active-extra-styles active-capital-letter\" data-block-type=\"unstyled\" data-block-weight=\"37\" data-block-id=\"1\">\n<p class=\"content-text__container theme-color-primary-first-letter\" data-track-category=\"Link no Texto\" data-track-links=\"\">Supremo Tribunal Federal (STF) retorna do recesso \u00e0s 9h desta quinta-feira (1\u00ba) com uma sess\u00e3o solene dedicada somente \u00e0 abertura do ano do Judici\u00e1rio. O presidente Michel Temer deve participar da sess\u00e3o, segundo a agenda oficial.<\/p>\n<\/div>\n<div class=\"mc-column content-text active-extra-styles \" data-block-type=\"unstyled\" data-block-weight=\"28\" data-block-id=\"2\">\n<p class=\"content-text__container \" data-track-category=\"Link no Texto\" data-track-links=\"\">Al\u00e9m de Temer, tamb\u00e9m dever\u00e3o comparecer \u00e0 sess\u00e3o solene os presidentes da C\u00e2mara, Rodrigo Maia (DEM-RJ), do Senado, Eun\u00edcio Oliveira (PMDB-CE), e a procuradora-geral da Rep\u00fablica, Raquel Dodge.<\/p>\n<\/div>\n<div class=\"mc-column content-text active-extra-styles \" data-block-type=\"unstyled\" data-block-weight=\"34\" data-block-id=\"3\">\n<p class=\"content-text__container \" data-track-category=\"Link no Texto\" data-track-links=\"\">A primeira sess\u00e3o de julgamentos est\u00e1 marcada para as 14h. Nesse hor\u00e1rio, est\u00e1 previsto julgamento que decidir\u00e1 se a Ag\u00eancia Nacional de Vigil\u00e2ncia Sanit\u00e1ria (Anvisa) pode\u00a0proibir adi\u00e7\u00e3o de sabor e aroma em cigarros.<\/p>\n<\/div>\n<div class=\"mc-column content-text active-extra-styles \" data-block-type=\"unstyled\" data-block-weight=\"27\" data-block-id=\"4\">\n<p class=\"content-text__container \" data-track-category=\"Link no Texto\" data-track-links=\"\">O julgamento come\u00e7ou em novembro, quando apenas as partes se manifestaram. Na sess\u00e3o desta quinta, os ministros iniciar\u00e3o a vota\u00e7\u00e3o, come\u00e7ando pela relatora do caso, Rosa Weber.<\/p>\n<\/div>\n<div class=\"mc-column content-text active-extra-styles \" data-block-type=\"unstyled\" data-block-weight=\"18\" data-block-id=\"5\">\n<p class=\"content-text__container \" data-track-category=\"Link no Texto\" data-track-links=\"\">Uma quest\u00e3o de fundo a ser analisada \u00e9 a extens\u00e3o do poder normativo das ag\u00eancias reguladoras no pa\u00eds.<\/p>\n<\/div>\n<div class=\"mc-column content-media content-media--normal content-video\" data-block-type=\"backstage-video\" data-block-id=\"7\">\n<div class=\"content-media__container content-media__container--loaded\">\n<div class=\"content-video__video\">\n<div id=\"wp3-player-0\" class=\"clappr-player\" tabindex=\"9999\" data-player=\"\">\n<div class=\"container master-container pointer-enabled\" data-container=\"\" data-pip=\"\"><\/div>\n<\/div>\n<\/div>\n<\/div>\n<div class=\"content-media__description-centered\">\n<p class=\"content-media__description\"><i class=\"content-media__description__icon theme-color-primary\"><\/i><span class=\"content-media__description__caption\">STF decide se permite ou n\u00e3o com\u00e9rcio de cigarros de sabor no Brasil<\/span><\/p>\n<\/div>\n<\/div>\n<div class=\"mc-column content-text active-extra-styles \" data-block-type=\"unstyled\" data-block-weight=\"42\" data-block-id=\"8\">\n<p class=\"content-text__container \" data-track-category=\"Link no Texto\" data-track-links=\"\">Segundo a pauta divulgada pelo Supremo em janeiro, na maior parte das sess\u00f5es, o plen\u00e1rio da Corte se dedicar\u00e1 a retomar discuss\u00f5es iniciadas ou previstas para o ano passado, mas que ficaram pendentes devido a processos mais urgentes que entraram na frente.<\/p>\n<\/div>\n<div class=\"mc-column content-text active-extra-styles\" data-block-type=\"raw\" data-block-weight=\"2\" data-block-id=\"9\">\n<div class=\"content-intertitle\">\n<h2>Pautas pendentes<\/h2>\n<\/div>\n<\/div>\n<div data-track-category=\"fim do conteudo\" data-track-action=\"ultimo chunk conteudo\" data-track-noninteraction=\"false\" data-track-scroll=\"entrada completa viewport\">\n<div class=\"mc-column content-text active-extra-styles\" data-block-type=\"raw\" data-block-weight=\"275\" data-block-id=\"10\">\n<ul class=\"content-unordered-list\">\n<li><strong>Planos de sa\u00fade:\u00a0<\/strong>na segunda semana do m\u00eas, o plen\u00e1rio se debru\u00e7ar\u00e1 sobre diversas a\u00e7\u00f5es envolvendo planos de sa\u00fade, meio ambiente, terras ind\u00edgenas e quilombolas. No dia 7, a a\u00e7\u00e3o de maior impacto prevista discute se planos de sa\u00fade devem ressarcir o SUS por tratamentos e cirurgias feitas na rede p\u00fablica por seus clientes.<\/li>\n<li><strong>Terras ind\u00edgenas e quilombolas:<\/strong>\u00a0no dia 8, est\u00e3o na pauta a\u00e7\u00f5es que questionam limites de parques nacionais na Amaz\u00f4nia; pedido de indeniza\u00e7\u00e3o por agropecu\u00e1ria pela demarca\u00e7\u00e3o da terra reserva ind\u00edgena Parabubure, no Mato Grosso; e ainda retomada de julgamento que pode decidir se comunidades quilombolas t\u00eam direito de definir as \u00e1reas que reivindicam.<\/li>\n<li><strong>C\u00f3digo florestal:<\/strong>\u00a0no dia 21, ap\u00f3s a pausa para o Carnaval (entre os dias 12 e 16), a Corte retoma o julgamento de cinco a\u00e7\u00f5es que contestam diversos pontos do C\u00f3digo Florestal, lei aprovada em 2012 pelo Congresso que disciplinou a preserva\u00e7\u00e3o ambiental em propriedades rurais. O julgamento come\u00e7ou em novembro com o voto do relator, Luiz Fux, e continuar\u00e1 agora com o voto de C\u00e1rmen L\u00facia, que havia pedido vista.<\/li>\n<li><strong>Troca de nome de transexuais:\u00a0<\/strong>no dia seguinte, est\u00e1 prevista a retomada de duas a\u00e7\u00f5es que buscam permitir a transexuais trocarem nome e sexo no registro civil sem necessidade de cirurgia nos \u00f3rg\u00e3os genitais. J\u00e1 existem cinco votos a favor desse direito, mas agora o processo ter\u00e1 o voto do ministro Marco Aur\u00e9lio Mello.<\/li>\n<li><strong>Planos econ\u00f4micos:\u00a0<\/strong>a \u00faltima sess\u00e3o do m\u00eas, no dia 28, tem na pauta a\u00e7\u00e3o que discute a corre\u00e7\u00e3o monet\u00e1ria de saldos no FGTS em raz\u00e3o de planos econ\u00f4micos. No processo, a Caixa Econ\u00f4mica Federal, que administra o dinheiro, busca impedir o pagamento extra.<\/li>\n<\/ul>\n<p><strong>CARIRI EM A\u00c7\u00c3O<\/strong><\/p>\n<p><em>Com G1<\/em><em>\/Foto: Reprodu\u00e7\u00e3o\u00a0<\/em><\/p>\n<p><strong>Leia mais not\u00edcias em\u00a0<\/strong><a href=\"http:\/\/www.caririemacao.com\/\"><strong>caririemacao.com<\/strong><\/a><strong>, siga nossa p\u00e1gina no\u00a0<\/strong><a href=\"https:\/\/www.facebook.com\/CaririEmAcao\/?ref=aymt_homepage_panel\"><strong>Facebook<\/strong><\/a>,<strong>\u00a0<\/strong><a href=\"https:\/\/www.instagram.com\/cariri_em_acao\/?hl=pt-br\"><strong>Instagram<\/strong><\/a><strong>\u00a0e\u00a0<\/strong><a href=\"https:\/\/www.youtube.com\/channel\/UCAptA0jQuYQy8vMhLt2m4qg\"><strong>Youtube<\/strong><\/a><strong>\u00a0e veja nossas mat\u00e9rias, v\u00eddeos e fotos. Voc\u00ea tamb\u00e9m pode enviar informa\u00e7\u00f5es \u00e0 Reda\u00e7\u00e3o do Portal Cariri em A\u00e7\u00e3o pelo WhatsApp (83) 9 9634.5791, (83) 9 9601-1162.<\/strong><\/p>\n<\/div>\n<\/div>\n","protected":false},"excerpt":{"rendered":"<p>Supremo Tribunal Federal (STF) retorna do recesso \u00e0s 9h desta quinta-feira (1\u00ba) com uma sess\u00e3o solene dedicada somente \u00e0 abertura do ano do Judici\u00e1rio. O&hellip; <\/p>\n","protected":false},"author":2,"featured_media":6907,"comment_status":"closed","ping_status":"closed","sticky":false,"template":"","format":"standard","meta":{"sfsi_plus_gutenberg_text_before_share":"","sfsi_plus_gutenberg_show_text_before_share":"","sfsi_plus_gutenberg_icon_type":"","sfsi_plus_gutenberg_icon_alignemt":"","sfsi_plus_gutenburg_max_per_row":"","footnotes":""},"categories":[2],"tags":[],"class_list":["post-39428","post","type-post","status-publish","format-standard","has-post-thumbnail","hentry","category-geral"],"_links":{"self":[{"href":"https:\/\/www.caririemacao.com\/1\/wp-json\/wp\/v2\/posts\/39428","targetHints":{"allow":["GET"]}}],"collection":[{"href":"https:\/\/www.caririemacao.com\/1\/wp-json\/wp\/v2\/posts"}],"about":[{"href":"https:\/\/www.caririemacao.com\/1\/wp-json\/wp\/v2\/types\/post"}],"author":[{"embeddable":true,"href":"https:\/\/www.caririemacao.com\/1\/wp-json\/wp\/v2\/users\/2"}],"replies":[{"embeddable":true,"href":"https:\/\/www.caririemacao.com\/1\/wp-json\/wp\/v2\/comments?post=39428"}],"version-history":[{"count":0,"href":"https:\/\/www.caririemacao.com\/1\/wp-json\/wp\/v2\/posts\/39428\/revisions"}],"wp:featuredmedia":[{"embeddable":true,"href":"https:\/\/www.caririemacao.com\/1\/wp-json\/wp\/v2\/media\/6907"}],"wp:attachment":[{"href":"https:\/\/www.caririemacao.com\/1\/wp-json\/wp\/v2\/media?parent=39428"}],"wp:term":[{"taxonomy":"category","embeddable":true,"href":"https:\/\/www.caririemacao.com\/1\/wp-json\/wp\/v2\/categories?post=39428"},{"taxonomy":"post_tag","embeddable":true,"href":"https:\/\/www.caririemacao.com\/1\/wp-json\/wp\/v2\/tags?post=39428"}],"curies":[{"name":"wp","href":"https:\/\/api.w.org\/{rel}","templated":true}]}}