{"id":39430,"date":"2018-02-01T08:07:17","date_gmt":"2018-02-01T11:07:17","guid":{"rendered":"http:\/\/caririemacao.com\/1\/?p=39430"},"modified":"2018-02-01T08:07:17","modified_gmt":"2018-02-01T11:07:17","slug":"prazo-para-cadastro-biometrico-obrigatorio-termina-em-varias-cidades-saiba-o-que-fazer-se-tiver-o-titulo-cancelado","status":"publish","type":"post","link":"https:\/\/www.caririemacao.com\/1\/2018\/02\/01\/prazo-para-cadastro-biometrico-obrigatorio-termina-em-varias-cidades-saiba-o-que-fazer-se-tiver-o-titulo-cancelado\/","title":{"rendered":"Prazo para cadastro biom\u00e9trico obrigat\u00f3rio termina em v\u00e1rias cidades; saiba o que fazer se tiver o t\u00edtulo cancelado"},"content":{"rendered":"<article>\n<div class=\"mc-column content-text active-extra-styles active-capital-letter\" data-block-type=\"unstyled\" data-block-weight=\"41\" data-block-id=\"1\">\n<p class=\"content-text__container theme-color-primary-first-letter\" data-track-category=\"Link no Texto\" data-track-links=\"\">Justi\u00e7a Eleitoral j\u00e1 encerrou na maior parte do pa\u00eds os prazos para o\u00a0cadastramento biom\u00e9trico obrigat\u00f3rio, no qual o cidad\u00e3o comparece a um cart\u00f3rio para fornecer as impress\u00f5es digitais, que passar\u00e3o a ser usadas para identific\u00e1-lo no momento do voto.<\/p>\n<\/div>\n<div class=\"mc-column content-text active-extra-styles \" data-block-type=\"unstyled\" data-block-weight=\"19\" data-block-id=\"2\">\n<p class=\"content-text__container \" data-track-category=\"Link no Texto\" data-track-links=\"\">Quem perdeu o prazo e teve o t\u00edtulo cancelado, dever\u00e1 comparecer a um cart\u00f3rio eleitoral com os seguintes documentos:<\/p>\n<\/div>\n<div class=\"mc-column content-text active-extra-styles\" data-block-type=\"raw\" data-block-weight=\"41\" data-block-id=\"3\">\n<ul class=\"content-unordered-list\">\n<li>T\u00edtulo de eleitor cancelado;<\/li>\n<li>Comprovante de resid\u00eancia (sempre que poss\u00edvel, em nome do eleitor);<\/li>\n<li>Documento oficial de identifica\u00e7\u00e3o pessoal contendo, no m\u00ednimo, os seguintes dados: nome, filia\u00e7\u00e3o, data de nascimento e nacionalidade;<\/li>\n<li>Comprovante de quita\u00e7\u00e3o militar, se for do sexo masculino.<\/li>\n<\/ul>\n<\/div>\n<div class=\"mc-column content-text active-extra-styles \" data-block-type=\"unstyled\" data-block-weight=\"20\" data-block-id=\"4\">\n<p class=\"content-text__container \" data-track-category=\"Link no Texto\" data-track-links=\"\">Desde o ano passado, os tribunais regionais eleitorais (TRE\u2019s) t\u00eam chamado os eleitores de 1.207 munic\u00edpios para fazer o procedimento.<\/p>\n<\/div>\n<div class=\"mc-column content-text active-extra-styles \" data-block-type=\"unstyled\" data-block-weight=\"29\" data-block-id=\"5\">\n<p class=\"content-text__container \" data-track-category=\"Link no Texto\" data-track-links=\"\">Desse total, somente nos cart\u00f3rios eleitorais de 189 cidades o cadastramento ainda \u00e9 feito. Os prazos de cada uma delas varia e pode ser consultado neste site do TSE.<\/p>\n<\/div>\n<div class=\"mc-column content-media content-media--normal content-video\" data-block-type=\"backstage-video\" data-block-id=\"7\">\n<div class=\"content-media__description-centered\">\n<p class=\"content-media__description\"><i class=\"content-media__description__icon theme-color-primary\"><\/i><span class=\"content-media__description__caption\">Metade dos eleitores j\u00e1 deve votar com uso da impress\u00e3o digital<\/span><\/p>\n<\/div>\n<\/div>\n<div class=\"mc-column content-text active-extra-styles \" data-block-type=\"unstyled\" data-block-weight=\"42\" data-block-id=\"8\">\n<p class=\"content-text__container \" data-track-category=\"Link no Texto\" data-track-links=\"\">Neste ano, o \u00faltimo prazo para o cadastramento obrigat\u00f3rio \u00e9 30 de mar\u00e7o, mas somente para alguns munic\u00edpios de S\u00e3o Paulo. Em v\u00e1rias outras cidades, a data-limite termina antes e, por isso, o eleitor deve ficar atento para n\u00e3o ficar de fora.<\/p>\n<\/div>\n<div class=\"mc-column content-text active-extra-styles \" data-block-type=\"unstyled\" data-block-weight=\"49\" data-block-id=\"9\">\n<p class=\"content-text__container \" data-track-category=\"Link no Texto\" data-track-links=\"\">Para facilitar e agilizar o atendimento no momento da regulariza\u00e7\u00e3o do t\u00edtulo, o eleitor poder\u00e1 acessar o site T\u00edtulo Net, preencher os dados e agendar a visita ao cart\u00f3rio eleitoral. Se usar o site, dever\u00e1 comparecer ao cart\u00f3rio em at\u00e9 5 dias corridos. Depois disso, o pedido ser\u00e1 invalidado.<\/p>\n<\/div>\n<div class=\"mc-column content-text active-extra-styles \" data-block-type=\"unstyled\" data-block-weight=\"34\" data-block-id=\"11\">\n<p class=\"content-text__container \" data-track-category=\"Link no Texto\" data-track-links=\"\">Para regularizar o t\u00edtulo, \u00e9 preciso ainda pagar uma\u00a0multa de R$ 3,50. O boleto pode ser emitido pelo T\u00edtulo Net e dever\u00e1 ser levado ao cart\u00f3rio quitado junto com os demais documentos requeridos.<\/p>\n<\/div>\n<div class=\"mc-column content-text active-extra-styles \" data-block-type=\"unstyled\" data-block-weight=\"30\" data-block-id=\"12\">\n<p class=\"content-text__container \" data-track-category=\"Link no Texto\" data-track-links=\"\">S\u00f3 poder\u00e1 votar neste ano quem regularizar o t\u00edtulo eleitoral\u00a0at\u00e9 o dia 9 de maio. Se depois disso o t\u00edtulo n\u00e3o estiver v\u00e1lido, o eleitor n\u00e3o participa das elei\u00e7\u00f5es.<\/p>\n<\/div>\n<div class=\"mc-column content-text active-extra-styles \" data-block-type=\"unstyled\" data-block-weight=\"7\" data-block-id=\"13\">\n<p class=\"content-text__container \" data-track-category=\"Link no Texto\" data-track-links=\"\">Se o t\u00edtulo for cancelado, a pessoa:<\/p>\n<\/div>\n<div class=\"mc-column content-text active-extra-styles\" data-block-type=\"raw\" data-block-weight=\"54\" data-block-id=\"14\">\n<ul class=\"content-unordered-list\">\n<li>Fica impedida de tirar ou renovar passaporte;<\/li>\n<li>Fica fora de concursos p\u00fablicos ou impedida de tomar posse em cargos p\u00fablicos;<\/li>\n<li>Deixa de receber sal\u00e1rio em emprego p\u00fablico;<\/li>\n<li>Fica proibida de participar de concorr\u00eancia p\u00fablica;<\/li>\n<li>N\u00e3o renova matr\u00edcula em institui\u00e7\u00e3o p\u00fablica de ensino;<\/li>\n<li>N\u00e3o recebe empr\u00e9stimos de bancos p\u00fablicos, como Caixa e Banco do Brasil.<\/li>\n<\/ul>\n<\/div>\n<div class=\"mc-column content-text active-extra-styles \" data-block-type=\"unstyled\" data-block-weight=\"24\" data-block-id=\"15\">\n<p class=\"content-text__container \" data-track-category=\"Link no Texto\" data-track-links=\"\">Cerca de 75,5 milh\u00f5es de pessoas, pouco mais da metade dos 146,7 milh\u00f5es dos eleitores, j\u00e1 estavam cadastrados na biometria no fim de janeiro.<\/p>\n<\/div>\n<div class=\"mc-column content-text active-extra-styles \" data-block-type=\"unstyled\" data-block-weight=\"16\" data-block-id=\"16\">\n<p class=\"content-text__container \" data-track-category=\"Link no Texto\" data-track-links=\"\">O objetivo da Justi\u00e7a Eleitoral neste ano \u00e9 alcan\u00e7ar 82,5 milh\u00f5es de cadastrados (56,5% do total).<\/p>\n<\/div>\n<div class=\"mc-column content-text active-extra-styles \" data-block-type=\"unstyled\" data-block-weight=\"22\" data-block-id=\"17\">\n<p class=\"content-text__container \" data-track-category=\"Link no Texto\" data-track-links=\"\">Para fazer a biometria, \u00e9 preciso levar os mesmos documentos para a emiss\u00e3o do primeiro t\u00edtulo ou para a regulariza\u00e7\u00e3o (listados acima)<\/p>\n<p><strong>CARIRI EM A\u00c7\u00c3O<\/strong><\/p>\n<p><em>Com G1<\/em><em>\/Foto: Reprodu\u00e7\u00e3o google<\/em><\/p>\n<p><strong>Leia mais not\u00edcias em\u00a0<\/strong><a href=\"http:\/\/www.caririemacao.com\/\"><strong>caririemacao.com<\/strong><\/a><strong>, siga nossa p\u00e1gina no\u00a0<\/strong><a href=\"https:\/\/www.facebook.com\/CaririEmAcao\/?ref=aymt_homepage_panel\"><strong>Facebook<\/strong><\/a>,<strong>\u00a0<\/strong><a href=\"https:\/\/www.instagram.com\/cariri_em_acao\/?hl=pt-br\"><strong>Instagram<\/strong><\/a><strong>\u00a0e\u00a0<\/strong><a href=\"https:\/\/www.youtube.com\/channel\/UCAptA0jQuYQy8vMhLt2m4qg\"><strong>Youtube<\/strong><\/a><strong>\u00a0e veja nossas mat\u00e9rias, v\u00eddeos e fotos. Voc\u00ea tamb\u00e9m pode enviar informa\u00e7\u00f5es \u00e0 Reda\u00e7\u00e3o do Portal Cariri em A\u00e7\u00e3o pelo WhatsApp (83) 9 9634.5791, (83) 9 9601-1162.<\/strong><\/p>\n<\/div>\n<div data-track-category=\"fim do conteudo\" data-track-action=\"ultimo chunk conteudo\" data-track-noninteraction=\"false\" data-track-scroll=\"entrada completa viewport\">\n<div class=\"mc-column content-entenda-o-caso\" data-block-type=\"entenda-o-caso\" data-block-id=\"18\"><\/div>\n<\/div>\n<\/article>\n<div class=\"mc-column entities\">\n<p>&nbsp;<\/p>\n<\/div>\n","protected":false},"excerpt":{"rendered":"<p>Justi\u00e7a Eleitoral j\u00e1 encerrou na maior parte do pa\u00eds os prazos para o\u00a0cadastramento biom\u00e9trico obrigat\u00f3rio, no qual o cidad\u00e3o comparece a um cart\u00f3rio para fornecer&hellip; <\/p>\n","protected":false},"author":2,"featured_media":16591,"comment_status":"closed","ping_status":"closed","sticky":false,"template":"","format":"standard","meta":{"sfsi_plus_gutenberg_text_before_share":"","sfsi_plus_gutenberg_show_text_before_share":"","sfsi_plus_gutenberg_icon_type":"","sfsi_plus_gutenberg_icon_alignemt":"","sfsi_plus_gutenburg_max_per_row":"","footnotes":""},"categories":[2],"tags":[],"class_list":["post-39430","post","type-post","status-publish","format-standard","has-post-thumbnail","hentry","category-geral"],"_links":{"self":[{"href":"https:\/\/www.caririemacao.com\/1\/wp-json\/wp\/v2\/posts\/39430","targetHints":{"allow":["GET"]}}],"collection":[{"href":"https:\/\/www.caririemacao.com\/1\/wp-json\/wp\/v2\/posts"}],"about":[{"href":"https:\/\/www.caririemacao.com\/1\/wp-json\/wp\/v2\/types\/post"}],"author":[{"embeddable":true,"href":"https:\/\/www.caririemacao.com\/1\/wp-json\/wp\/v2\/users\/2"}],"replies":[{"embeddable":true,"href":"https:\/\/www.caririemacao.com\/1\/wp-json\/wp\/v2\/comments?post=39430"}],"version-history":[{"count":0,"href":"https:\/\/www.caririemacao.com\/1\/wp-json\/wp\/v2\/posts\/39430\/revisions"}],"wp:featuredmedia":[{"embeddable":true,"href":"https:\/\/www.caririemacao.com\/1\/wp-json\/wp\/v2\/media\/16591"}],"wp:attachment":[{"href":"https:\/\/www.caririemacao.com\/1\/wp-json\/wp\/v2\/media?parent=39430"}],"wp:term":[{"taxonomy":"category","embeddable":true,"href":"https:\/\/www.caririemacao.com\/1\/wp-json\/wp\/v2\/categories?post=39430"},{"taxonomy":"post_tag","embeddable":true,"href":"https:\/\/www.caririemacao.com\/1\/wp-json\/wp\/v2\/tags?post=39430"}],"curies":[{"name":"wp","href":"https:\/\/api.w.org\/{rel}","templated":true}]}}