{"id":39432,"date":"2018-02-01T08:15:04","date_gmt":"2018-02-01T11:15:04","guid":{"rendered":"http:\/\/caririemacao.com\/1\/?p=39432"},"modified":"2018-02-01T08:15:04","modified_gmt":"2018-02-01T11:15:04","slug":"para-53-dos-brasileiros-ex-presidente-lula-deveria-ser-preso","status":"publish","type":"post","link":"https:\/\/www.caririemacao.com\/1\/2018\/02\/01\/para-53-dos-brasileiros-ex-presidente-lula-deveria-ser-preso\/","title":{"rendered":"Para 53% dos brasileiros, ex-presidente Lula deveria ser preso"},"content":{"rendered":"<p class=\" \">A situa\u00e7\u00e3o apertada do ex-presidente Luiz In\u00e1cio\u00a0Lula\u00a0da Silva com a Justi\u00e7a brasileira e sua inten\u00e7\u00e3o de, mesmo assim, concorrer \u00e0s elei\u00e7\u00f5es presidenciais que v\u00e3o acontecer em outubro foram tema de mais uma pesquisa do Instituto Datafolha, divulgada nesta quinta-feira (31) pelo jornal\u00a0<em>Folha de S.Paulo<\/em>\u00a0.<\/p>\n<p>De acordo com o levantamento, 53% dos brasileiros consideram que, a essa altura, Lula deveria ser preso. A pesquisa\u00a0foi feita ap\u00f3s a condena\u00e7\u00e3o em segunda inst\u00e2ncia do ex-presidente, pelos crimes de corrup\u00e7\u00e3o passiva e lavagem de dinheiro.<\/p>\n<p>O petista foi condenado na \u00faltima quarta-feira (24) por unanimidade dos votos de tr\u00eas desembargadores do Tribunal Regional Federal da 4\u00aa Regi\u00e3o (TRF-4), em Porto Alegre. A condena\u00e7\u00e3o diz respeito ao caso do\u00a0tr\u00edplex\u00a0do Guaruj\u00e1, que Lula diz n\u00e3o ser dono, mas a Justi\u00e7a diz o contr\u00e1rio.<\/p>\n<p>Ao julgar o recurso do petista, o\u00a0TRF-4\u00a0manteve a sua condena\u00e7\u00e3o, imposta pelo juiz federal S\u00e9rgio Moro na primeira inst\u00e2ncia, e aumentaram a pena de 9 anos e 6 meses de pris\u00e3o para 12 anos e 1 m\u00eas.<\/p>\n<p>Mesmo assim, Lula se declara pr\u00e9-candidato \u00e0s elei\u00e7\u00f5es. Por\u00e9m, segundo o levantamento, 43% dos brasileiros acreditam que ele n\u00e3o participar\u00e1 da corrida presidencial. Outros 32% t\u00eam certeza de que ele vai ser candidato e 21% acreditam na possibilidade de Lula participar das\u00a0elei\u00e7\u00f5es\u00a0.<\/p>\n<p>Para 51% das pessoas entrevistadas, o ex-presidente n\u00e3o deveria poder disputar a elei\u00e7\u00e3o, mas 47% acham que ele tem esse direito.<\/p>\n<h3>Condenado, mas poss\u00edvel candidato<\/h3>\n<p>Como foi condenado por um \u00f3rg\u00e3o colegiado, o l\u00edder petista passa agora a se enquadrar na Lei da\u00a0Ficha Limpa\u00a0, e corre o risco de ficar de fora das elei\u00e7\u00f5es. Juridicamente, contudo, a quest\u00e3o n\u00e3o \u00e9 ponto pac\u00edfico, e ainda h\u00e1 a chance de a candidatura de vingar.<\/p>\n<p>Por meio de nota, assinada pela presidente nacional do partido, o partido classifica de \u201cfarsa judicial\u201d a condena\u00e7\u00e3o do ex-presidente.\u00a0A nota tamb\u00e9m elenca aqueles que, segundo o partido, tomaram parte no \u201c golpe antidemocr\u00e1tico\u201d. \u201cConfirma-se o engajamento pol\u00edtico-partid\u00e1rio de setores do sistema judicial, orquestrado pela\u00a0\u00a0<em>Rede Globo<\/em>\u00a0, com o objetivo de tirar Lula do processo eleitoral\u201d, diz a nota.<\/p>\n<p>\u201cS\u00e3o os mesmos setores que promoveram o\u00a0\u00a0golpe<strong>\u00a0<\/strong>\u00a0do\u00a0impeachment\u00a0em 2016, e desde ent\u00e3o veem dilapidando o patrim\u00f4nio nacional, entregando nossas riquezas e abrindo m\u00e3o da soberania nacional, retirando\u00a0direitos dos trabalhadores\u00a0e destruindo os programas sociais que beneficiam o povo\u201d, diz a nota.<\/p>\n<p>Para divulgar a pesquisa a respeito da situa\u00e7\u00e3o judicial de Lula hoje, o Instituto Datafolha ouviu 2.826 pessoas entre os dia 29 e 30 de janeiro de 2018.<\/p>\n<p><strong>CARIRI EM A\u00c7\u00c3O<\/strong><\/p>\n<p><em>Com Datafolha\u00a0<\/em><em>\/Foto:\u00a0Datafolha\u00a0<\/em><\/p>\n<p><strong>Leia mais not\u00edcias em\u00a0<\/strong><a href=\"http:\/\/www.caririemacao.com\/\"><strong>caririemacao.com<\/strong><\/a><strong>, siga nossa p\u00e1gina no\u00a0<\/strong><a href=\"https:\/\/www.facebook.com\/CaririEmAcao\/?ref=aymt_homepage_panel\"><strong>Facebook<\/strong><\/a>,<strong>\u00a0<\/strong><a href=\"https:\/\/www.instagram.com\/cariri_em_acao\/?hl=pt-br\"><strong>Instagram<\/strong><\/a><strong>\u00a0e\u00a0<\/strong><a href=\"https:\/\/www.youtube.com\/channel\/UCAptA0jQuYQy8vMhLt2m4qg\"><strong>Youtube<\/strong><\/a><strong>\u00a0e veja nossas mat\u00e9rias, v\u00eddeos e fotos. Voc\u00ea tamb\u00e9m pode enviar informa\u00e7\u00f5es \u00e0 Reda\u00e7\u00e3o do Portal Cariri em A\u00e7\u00e3o pelo WhatsApp (83) 9 9634.5791, (83) 9 9601-1162.<\/strong><\/p>\n","protected":false},"excerpt":{"rendered":"<p>A situa\u00e7\u00e3o apertada do ex-presidente Luiz In\u00e1cio\u00a0Lula\u00a0da Silva com a Justi\u00e7a brasileira e sua inten\u00e7\u00e3o de, mesmo assim, concorrer \u00e0s elei\u00e7\u00f5es presidenciais que v\u00e3o acontecer&hellip; <\/p>\n","protected":false},"author":2,"featured_media":39433,"comment_status":"closed","ping_status":"closed","sticky":false,"template":"","format":"standard","meta":{"sfsi_plus_gutenberg_text_before_share":"","sfsi_plus_gutenberg_show_text_before_share":"","sfsi_plus_gutenberg_icon_type":"","sfsi_plus_gutenberg_icon_alignemt":"","sfsi_plus_gutenburg_max_per_row":"","footnotes":""},"categories":[11],"tags":[],"class_list":["post-39432","post","type-post","status-publish","format-standard","has-post-thumbnail","hentry","category-politica"],"_links":{"self":[{"href":"https:\/\/www.caririemacao.com\/1\/wp-json\/wp\/v2\/posts\/39432","targetHints":{"allow":["GET"]}}],"collection":[{"href":"https:\/\/www.caririemacao.com\/1\/wp-json\/wp\/v2\/posts"}],"about":[{"href":"https:\/\/www.caririemacao.com\/1\/wp-json\/wp\/v2\/types\/post"}],"author":[{"embeddable":true,"href":"https:\/\/www.caririemacao.com\/1\/wp-json\/wp\/v2\/users\/2"}],"replies":[{"embeddable":true,"href":"https:\/\/www.caririemacao.com\/1\/wp-json\/wp\/v2\/comments?post=39432"}],"version-history":[{"count":0,"href":"https:\/\/www.caririemacao.com\/1\/wp-json\/wp\/v2\/posts\/39432\/revisions"}],"wp:featuredmedia":[{"embeddable":true,"href":"https:\/\/www.caririemacao.com\/1\/wp-json\/wp\/v2\/media\/39433"}],"wp:attachment":[{"href":"https:\/\/www.caririemacao.com\/1\/wp-json\/wp\/v2\/media?parent=39432"}],"wp:term":[{"taxonomy":"category","embeddable":true,"href":"https:\/\/www.caririemacao.com\/1\/wp-json\/wp\/v2\/categories?post=39432"},{"taxonomy":"post_tag","embeddable":true,"href":"https:\/\/www.caririemacao.com\/1\/wp-json\/wp\/v2\/tags?post=39432"}],"curies":[{"name":"wp","href":"https:\/\/api.w.org\/{rel}","templated":true}]}}