{"id":39441,"date":"2018-02-01T08:36:47","date_gmt":"2018-02-01T11:36:47","guid":{"rendered":"http:\/\/caririemacao.com\/1\/?p=39441"},"modified":"2018-02-01T08:36:47","modified_gmt":"2018-02-01T11:36:47","slug":"final-do-campeonato-de-futsal-de-monteiro-acontece-nesta-quinta-feira-no-ginasio-o-chicao","status":"publish","type":"post","link":"https:\/\/www.caririemacao.com\/1\/2018\/02\/01\/final-do-campeonato-de-futsal-de-monteiro-acontece-nesta-quinta-feira-no-ginasio-o-chicao\/","title":{"rendered":"Final do Campeonato de Futsal de Monteiro acontece nesta quinta-feira no Gin\u00e1sio O Chic\u00e3o"},"content":{"rendered":"<p>O Campeonato Monteirense de Futsal promovido pela Liga Independente de Desportos de Monteiro \u2013 LIDEM, chega ao final na noite desta quinta-feira, dia 1\u00ba de fevereiro, a partir das 19h:30, quando estar\u00e3o se enfrentando as equipes do NET MAIS e do RUMANI\u00c1COS, ap\u00f3s dois meses de competi\u00e7\u00e3o.<\/p>\n<p>A competi\u00e7\u00e3o teve o apoio da Prefeitura Municipal de Monteiro, atrav\u00e9s da Secretaria de Esportes, que cedeu o Gin\u00e1sio de Esportes o Chic\u00e3o e ofereceu os trof\u00e9us para as equipe finalistas, destacando o selecionado vencedor que receber\u00e1 o trof\u00e9u Jos\u00e9 Josev\u00e1 Leite, considerado um dos grandes desportistas monteirense.<\/p>\n<p>Segundo o secret\u00e1rio Rostand Chaves, a Prefeitura de Monteiro tem oferecido total apoio a todos os eventos realizados no munic\u00edpio, e a prefeita Anna Lorena n\u00e3o tem medido esfor\u00e7os em incentivar a pr\u00e1tica esportiva em todas as modalidades.<\/p>\n<p>\u201cEm 2017 conseguimos alavancar o esporte monteirense e em 2018 n\u00e3o faremos diferente, vamos incentivar a pr\u00e1tica de todas as modalidades esportivas, seguindo a orienta\u00e7\u00e3o da prefeita Anna Lorena\u201d, disse Rostand Chaves.<\/p>\n<p><strong>CARIRI EM A\u00c7\u00c3O<\/strong><\/p>\n<p><em>Com O pipoco<\/em><em>\/Foto: Reprodu\u00e7\u00e3o google<\/em><\/p>\n<p><strong>Leia mais not\u00edcias em\u00a0<\/strong><a href=\"http:\/\/www.caririemacao.com\/\"><strong>caririemacao.com<\/strong><\/a><strong>, siga nossa p\u00e1gina no\u00a0<\/strong><a href=\"https:\/\/www.facebook.com\/CaririEmAcao\/?ref=aymt_homepage_panel\"><strong>Facebook<\/strong><\/a>,<strong>\u00a0<\/strong><a href=\"https:\/\/www.instagram.com\/cariri_em_acao\/?hl=pt-br\"><strong>Instagram<\/strong><\/a><strong>\u00a0e\u00a0<\/strong><a href=\"https:\/\/www.youtube.com\/channel\/UCAptA0jQuYQy8vMhLt2m4qg\"><strong>Youtube<\/strong><\/a><strong>\u00a0e veja nossas mat\u00e9rias, v\u00eddeos e fotos. Voc\u00ea tamb\u00e9m pode enviar informa\u00e7\u00f5es \u00e0 Reda\u00e7\u00e3o do Portal Cariri em A\u00e7\u00e3o pelo WhatsApp (83) 9 9634.5791, (83) 9 9601-1162.<\/strong><\/p>\n","protected":false},"excerpt":{"rendered":"<p>O Campeonato Monteirense de Futsal promovido pela Liga Independente de Desportos de Monteiro \u2013 LIDEM, chega ao final na noite desta quinta-feira, dia 1\u00ba de&hellip; <\/p>\n","protected":false},"author":2,"featured_media":35984,"comment_status":"closed","ping_status":"closed","sticky":false,"template":"","format":"standard","meta":{"sfsi_plus_gutenberg_text_before_share":"","sfsi_plus_gutenberg_show_text_before_share":"","sfsi_plus_gutenberg_icon_type":"","sfsi_plus_gutenberg_icon_alignemt":"","sfsi_plus_gutenburg_max_per_row":"","footnotes":""},"categories":[13],"tags":[],"class_list":["post-39441","post","type-post","status-publish","format-standard","has-post-thumbnail","hentry","category-esportes"],"_links":{"self":[{"href":"https:\/\/www.caririemacao.com\/1\/wp-json\/wp\/v2\/posts\/39441","targetHints":{"allow":["GET"]}}],"collection":[{"href":"https:\/\/www.caririemacao.com\/1\/wp-json\/wp\/v2\/posts"}],"about":[{"href":"https:\/\/www.caririemacao.com\/1\/wp-json\/wp\/v2\/types\/post"}],"author":[{"embeddable":true,"href":"https:\/\/www.caririemacao.com\/1\/wp-json\/wp\/v2\/users\/2"}],"replies":[{"embeddable":true,"href":"https:\/\/www.caririemacao.com\/1\/wp-json\/wp\/v2\/comments?post=39441"}],"version-history":[{"count":0,"href":"https:\/\/www.caririemacao.com\/1\/wp-json\/wp\/v2\/posts\/39441\/revisions"}],"wp:featuredmedia":[{"embeddable":true,"href":"https:\/\/www.caririemacao.com\/1\/wp-json\/wp\/v2\/media\/35984"}],"wp:attachment":[{"href":"https:\/\/www.caririemacao.com\/1\/wp-json\/wp\/v2\/media?parent=39441"}],"wp:term":[{"taxonomy":"category","embeddable":true,"href":"https:\/\/www.caririemacao.com\/1\/wp-json\/wp\/v2\/categories?post=39441"},{"taxonomy":"post_tag","embeddable":true,"href":"https:\/\/www.caririemacao.com\/1\/wp-json\/wp\/v2\/tags?post=39441"}],"curies":[{"name":"wp","href":"https:\/\/api.w.org\/{rel}","templated":true}]}}