{"id":39443,"date":"2018-02-01T09:02:03","date_gmt":"2018-02-01T12:02:03","guid":{"rendered":"http:\/\/caririemacao.com\/1\/?p=39443"},"modified":"2018-02-01T09:02:03","modified_gmt":"2018-02-01T12:02:03","slug":"maranhao-quem-diz-prazo-do-encerramento-de-minha-carreira-e-o-povo","status":"publish","type":"post","link":"https:\/\/www.caririemacao.com\/1\/2018\/02\/01\/maranhao-quem-diz-prazo-do-encerramento-de-minha-carreira-e-o-povo\/","title":{"rendered":"Maranh\u00e3o: \u201cQuem diz prazo do encerramento de minha carreira \u00e9 o povo\u201d"},"content":{"rendered":"<p>O senador Jos\u00e9 Maranh\u00e3o (MDB) comentou que n\u00e3o pode falar pelos partidos de oposi\u00e7\u00e3o sobre o crit\u00e9rio que deve ser adotado para escolha do candidato a governador.<\/p>\n<p>-Eu n\u00e3o posso falar em nome das for\u00e7as de oposi\u00e7\u00e3o porque eu n\u00e3o recebi essa delega\u00e7\u00e3o. Ali\u00e1s, n\u00e3o podia receber porque essa entidade ainda n\u00e3o existe. Existem partidos que est\u00e3o na oposi\u00e7\u00e3o, mas at\u00e9 hoje n\u00e3o foi celebrado uma jun\u00e7\u00e3o formal de todos esses partidos e a retirada de uma posi\u00e7\u00e3o definitiva- disse.<\/p>\n<p>Al\u00e9m disso, o parlamentar destacou que o encerramento de sua carreira pol\u00edtica depende dos paraibanos.<\/p>\n<p>\u2013 Quem diz o prazo do encerramento de minha carreira \u00e9 o povo da Para\u00edba- finalizou.<\/p>\n<p><strong>CARIRI EM A\u00c7\u00c3O<\/strong><\/p>\n<p><em>Para\u00edba online Com R\u00e1dio Caturit\u00e9 AM<\/em><em>\/Foto: Reprodu\u00e7\u00e3o google<\/em><\/p>\n<p><strong>Leia mais not\u00edcias em\u00a0<\/strong><a href=\"http:\/\/www.caririemacao.com\/\"><strong>caririemacao.com<\/strong><\/a><strong>, siga nossa p\u00e1gina no\u00a0<\/strong><a href=\"https:\/\/www.facebook.com\/CaririEmAcao\/?ref=aymt_homepage_panel\"><strong>Facebook<\/strong><\/a>,<strong>\u00a0<\/strong><a href=\"https:\/\/www.instagram.com\/cariri_em_acao\/?hl=pt-br\"><strong>Instagram<\/strong><\/a><strong>\u00a0e\u00a0<\/strong><a href=\"https:\/\/www.youtube.com\/channel\/UCAptA0jQuYQy8vMhLt2m4qg\"><strong>Youtube<\/strong><\/a><strong>\u00a0e veja nossas mat\u00e9rias, v\u00eddeos e fotos. Voc\u00ea tamb\u00e9m pode enviar informa\u00e7\u00f5es \u00e0 Reda\u00e7\u00e3o do Portal Cariri em A\u00e7\u00e3o pelo WhatsApp (83) 9 9634.5791, (83) 9 9601-1162.<\/strong><\/p>\n","protected":false},"excerpt":{"rendered":"<p>O senador Jos\u00e9 Maranh\u00e3o (MDB) comentou que n\u00e3o pode falar pelos partidos de oposi\u00e7\u00e3o sobre o crit\u00e9rio que deve ser adotado para escolha do candidato&hellip; <\/p>\n","protected":false},"author":2,"featured_media":37581,"comment_status":"closed","ping_status":"closed","sticky":false,"template":"","format":"standard","meta":{"sfsi_plus_gutenberg_text_before_share":"","sfsi_plus_gutenberg_show_text_before_share":"","sfsi_plus_gutenberg_icon_type":"","sfsi_plus_gutenberg_icon_alignemt":"","sfsi_plus_gutenburg_max_per_row":"","footnotes":""},"categories":[11],"tags":[],"class_list":["post-39443","post","type-post","status-publish","format-standard","has-post-thumbnail","hentry","category-politica"],"_links":{"self":[{"href":"https:\/\/www.caririemacao.com\/1\/wp-json\/wp\/v2\/posts\/39443","targetHints":{"allow":["GET"]}}],"collection":[{"href":"https:\/\/www.caririemacao.com\/1\/wp-json\/wp\/v2\/posts"}],"about":[{"href":"https:\/\/www.caririemacao.com\/1\/wp-json\/wp\/v2\/types\/post"}],"author":[{"embeddable":true,"href":"https:\/\/www.caririemacao.com\/1\/wp-json\/wp\/v2\/users\/2"}],"replies":[{"embeddable":true,"href":"https:\/\/www.caririemacao.com\/1\/wp-json\/wp\/v2\/comments?post=39443"}],"version-history":[{"count":0,"href":"https:\/\/www.caririemacao.com\/1\/wp-json\/wp\/v2\/posts\/39443\/revisions"}],"wp:featuredmedia":[{"embeddable":true,"href":"https:\/\/www.caririemacao.com\/1\/wp-json\/wp\/v2\/media\/37581"}],"wp:attachment":[{"href":"https:\/\/www.caririemacao.com\/1\/wp-json\/wp\/v2\/media?parent=39443"}],"wp:term":[{"taxonomy":"category","embeddable":true,"href":"https:\/\/www.caririemacao.com\/1\/wp-json\/wp\/v2\/categories?post=39443"},{"taxonomy":"post_tag","embeddable":true,"href":"https:\/\/www.caririemacao.com\/1\/wp-json\/wp\/v2\/tags?post=39443"}],"curies":[{"name":"wp","href":"https:\/\/api.w.org\/{rel}","templated":true}]}}