{"id":39445,"date":"2018-02-01T09:10:54","date_gmt":"2018-02-01T12:10:54","guid":{"rendered":"http:\/\/caririemacao.com\/1\/?p=39445"},"modified":"2018-02-01T09:34:16","modified_gmt":"2018-02-01T12:34:16","slug":"azevedo-recebe-adesoes-de-prefeitos-de-serra-branca-e-emas","status":"publish","type":"post","link":"https:\/\/www.caririemacao.com\/1\/2018\/02\/01\/azevedo-recebe-adesoes-de-prefeitos-de-serra-branca-e-emas\/","title":{"rendered":"Azevedo recebe ades\u00f5es de prefeitos de Serra Branca e Emas"},"content":{"rendered":"<p>Pr\u00e9-candidato do PSB ao Governo do Estado, o secret\u00e1rio de Infraestrutura e Recursos H\u00eddricos da Para\u00edba, Jo\u00e3o Azev\u00eado, recebeu a ades\u00e3o de mais dois prefeitos nesta quarta-feira (31). Primeiro, o socialista ganhou o apoio do prefeito do munic\u00edpio de Emas, Segundo Madruga, do PMDB.<\/p>\n<p>Al\u00e9m do emedebista, anunciaram apoio \u00e0 pr\u00e9-candidatura de Jo\u00e3o, os ex-prefeito e vice-prefeito de Emas, Jos\u00e9 Wilians Madruga e Paulo Gildo, respectivamente. Ainda nesta quinta, Jo\u00e3o Azev\u00eado recebeu o apoio do prefeito Souzinha (PDT), de Serra Branca.<\/p>\n<p>Nos \u00faltimos dias, Jo\u00e3o vem colecionando v\u00e1rias ades\u00f5es ao seu projeto de chegar ao Pal\u00e1cio da Reden\u00e7\u00e3o.\u00a0Na ter\u00e7a-feira (30), o socialista recebeu o apoio do grupo de lideran\u00e7as pol\u00edticas que fazem oposi\u00e7\u00e3o ao atual prefeito de Uira\u00fana, Ant\u00f4nio Ferreira (PSD). Anunciaram apoio a Jo\u00e3o, os ex-prefeitos de Uira\u00fana, Geraldo Nogueira, Gl\u00f3ria Geane e Paulo Arthur.<\/p>\n<p>Na segunda-feira (29), Jo\u00e3o j\u00e1 havia recebido o apoio dos prefeitos de\u00a0Soledade, Geraldo Moura Ramos (PP), de\u00a0Curral de Cima, Tot\u00f3 Ribeiro (PSDB).<\/p>\n<p><strong>CARIRI EM A\u00c7\u00c3O<\/strong><\/p>\n<p><em>Com Paraiba J\u00e1<\/em><em>\/Foto:\u00a0Paraiba J\u00e1<\/em><\/p>\n<p><strong>Leia mais not\u00edcias em\u00a0<\/strong><a href=\"http:\/\/www.caririemacao.com\/\"><strong>caririemacao.com<\/strong><\/a><strong>, siga nossa p\u00e1gina no\u00a0<\/strong><a href=\"https:\/\/www.facebook.com\/CaririEmAcao\/?ref=aymt_homepage_panel\"><strong>Facebook<\/strong><\/a>,<strong>\u00a0<\/strong><a href=\"https:\/\/www.instagram.com\/cariri_em_acao\/?hl=pt-br\"><strong>Instagram<\/strong><\/a><strong>\u00a0e\u00a0<\/strong><a href=\"https:\/\/www.youtube.com\/channel\/UCAptA0jQuYQy8vMhLt2m4qg\"><strong>Youtube<\/strong><\/a><strong>\u00a0e veja nossas mat\u00e9rias, v\u00eddeos e fotos. Voc\u00ea tamb\u00e9m pode enviar informa\u00e7\u00f5es \u00e0 Reda\u00e7\u00e3o do Portal Cariri em A\u00e7\u00e3o pelo WhatsApp (83) 9 9634.5791, (83) 9 9601-1162.<\/strong><\/p>\n","protected":false},"excerpt":{"rendered":"<p>Pr\u00e9-candidato do PSB ao Governo do Estado, o secret\u00e1rio de Infraestrutura e Recursos H\u00eddricos da Para\u00edba, Jo\u00e3o Azev\u00eado, recebeu a ades\u00e3o de mais dois prefeitos&hellip; <\/p>\n","protected":false},"author":2,"featured_media":39446,"comment_status":"closed","ping_status":"closed","sticky":false,"template":"","format":"standard","meta":{"sfsi_plus_gutenberg_text_before_share":"","sfsi_plus_gutenberg_show_text_before_share":"","sfsi_plus_gutenberg_icon_type":"","sfsi_plus_gutenberg_icon_alignemt":"","sfsi_plus_gutenburg_max_per_row":"","footnotes":""},"categories":[11],"tags":[],"class_list":["post-39445","post","type-post","status-publish","format-standard","has-post-thumbnail","hentry","category-politica"],"_links":{"self":[{"href":"https:\/\/www.caririemacao.com\/1\/wp-json\/wp\/v2\/posts\/39445","targetHints":{"allow":["GET"]}}],"collection":[{"href":"https:\/\/www.caririemacao.com\/1\/wp-json\/wp\/v2\/posts"}],"about":[{"href":"https:\/\/www.caririemacao.com\/1\/wp-json\/wp\/v2\/types\/post"}],"author":[{"embeddable":true,"href":"https:\/\/www.caririemacao.com\/1\/wp-json\/wp\/v2\/users\/2"}],"replies":[{"embeddable":true,"href":"https:\/\/www.caririemacao.com\/1\/wp-json\/wp\/v2\/comments?post=39445"}],"version-history":[{"count":0,"href":"https:\/\/www.caririemacao.com\/1\/wp-json\/wp\/v2\/posts\/39445\/revisions"}],"wp:featuredmedia":[{"embeddable":true,"href":"https:\/\/www.caririemacao.com\/1\/wp-json\/wp\/v2\/media\/39446"}],"wp:attachment":[{"href":"https:\/\/www.caririemacao.com\/1\/wp-json\/wp\/v2\/media?parent=39445"}],"wp:term":[{"taxonomy":"category","embeddable":true,"href":"https:\/\/www.caririemacao.com\/1\/wp-json\/wp\/v2\/categories?post=39445"},{"taxonomy":"post_tag","embeddable":true,"href":"https:\/\/www.caririemacao.com\/1\/wp-json\/wp\/v2\/tags?post=39445"}],"curies":[{"name":"wp","href":"https:\/\/api.w.org\/{rel}","templated":true}]}}