{"id":39451,"date":"2018-02-01T09:25:41","date_gmt":"2018-02-01T12:25:41","guid":{"rendered":"http:\/\/caririemacao.com\/1\/?p=39451"},"modified":"2018-02-01T09:27:15","modified_gmt":"2018-02-01T12:27:15","slug":"manoel-junior-se-encontrou-com-michel-temer-e-pediu-apoio-para-candidatura-de-cartaxo","status":"publish","type":"post","link":"https:\/\/www.caririemacao.com\/1\/2018\/02\/01\/manoel-junior-se-encontrou-com-michel-temer-e-pediu-apoio-para-candidatura-de-cartaxo\/","title":{"rendered":"Manoel J\u00fanior se encontrou com Michel Temer e pediu apoio para candidatura de Cartaxo"},"content":{"rendered":"<p>O vice-prefeito de Jo\u00e3o Pessoa, Manoel J\u00fanior (MDB) se reuniu no final da manh\u00e3 desta quarta-feira (30), com o presidente Michel Temer (MDB), no Pal\u00e1cio do Jaburu, em Bras\u00edlia. O vice-prefeito foi \u00e0 capital federal para tratar da libera\u00e7\u00e3o de recursos para Jo\u00e3o Pessoa e foi recebido pelo presidente Temer.<\/p>\n<p>Recentemente Temer fez uma liga\u00e7\u00e3o para o vice-prefeito, onde agendaram esse encontro para debater as elei\u00e7\u00f5es na Para\u00edba e os conflitos internos\u00a0 no MDB sobre uma poss\u00edvel candidatura do senador Jos\u00e9 Maranh\u00e3o (MDB) ao Governo do Estado. Manuel Junior pediu ao presidente Temer apoio para a candidatura de Cartaxo e defendeu uma coliga\u00e7\u00e3o entre MDB e PSD. Outra preocupa\u00e7\u00e3o que Manuel Junior dividiu com Temer foi no tocante a elei\u00e7\u00e3o proporcional e o temor do partido perder deputados estaduais e federais.<\/p>\n<p>Ainda n\u00e3o se sabe os detalhes nem os desdobramentos dessa conversa, mas fontes de Bras\u00edlia informaram que em um ponto o MDB nacional fechou quest\u00e3o: n\u00e3o v\u00ea com bons olhos uma composi\u00e7\u00e3o com com o PSB do governador Ricardo Coutinho (PSB), cr\u00edtico ferrenho e principal advers\u00e1rio do Governo Federal no estado.<\/p>\n<p><strong>CARIRI EM A\u00c7\u00c3O<\/strong><\/p>\n<p><em>Com Zero 83<\/em><em>\/Foto: Zero 83<\/em><\/p>\n<p><strong>Leia mais not\u00edcias em\u00a0<\/strong><a href=\"http:\/\/www.caririemacao.com\/\"><strong>caririemacao.com<\/strong><\/a><strong>, siga nossa p\u00e1gina no\u00a0<\/strong><a href=\"https:\/\/www.facebook.com\/CaririEmAcao\/?ref=aymt_homepage_panel\"><strong>Facebook<\/strong><\/a>,<strong>\u00a0<\/strong><a href=\"https:\/\/www.instagram.com\/cariri_em_acao\/?hl=pt-br\"><strong>Instagram<\/strong><\/a><strong>\u00a0e\u00a0<\/strong><a href=\"https:\/\/www.youtube.com\/channel\/UCAptA0jQuYQy8vMhLt2m4qg\"><strong>Youtube<\/strong><\/a><strong>\u00a0e veja nossas mat\u00e9rias, v\u00eddeos e fotos. Voc\u00ea tamb\u00e9m pode enviar informa\u00e7\u00f5es \u00e0 Reda\u00e7\u00e3o do Portal Cariri em A\u00e7\u00e3o pelo WhatsApp (83) 9 9634.5791, (83) 9 9601-1162.<\/strong><\/p>\n","protected":false},"excerpt":{"rendered":"<p>O vice-prefeito de Jo\u00e3o Pessoa, Manoel J\u00fanior (MDB) se reuniu no final da manh\u00e3 desta quarta-feira (30), com o presidente Michel Temer (MDB), no Pal\u00e1cio&hellip; <\/p>\n","protected":false},"author":2,"featured_media":39452,"comment_status":"closed","ping_status":"closed","sticky":false,"template":"","format":"standard","meta":{"sfsi_plus_gutenberg_text_before_share":"","sfsi_plus_gutenberg_show_text_before_share":"","sfsi_plus_gutenberg_icon_type":"","sfsi_plus_gutenberg_icon_alignemt":"","sfsi_plus_gutenburg_max_per_row":"","footnotes":""},"categories":[1],"tags":[],"class_list":["post-39451","post","type-post","status-publish","format-standard","has-post-thumbnail","hentry","category-o-site"],"_links":{"self":[{"href":"https:\/\/www.caririemacao.com\/1\/wp-json\/wp\/v2\/posts\/39451","targetHints":{"allow":["GET"]}}],"collection":[{"href":"https:\/\/www.caririemacao.com\/1\/wp-json\/wp\/v2\/posts"}],"about":[{"href":"https:\/\/www.caririemacao.com\/1\/wp-json\/wp\/v2\/types\/post"}],"author":[{"embeddable":true,"href":"https:\/\/www.caririemacao.com\/1\/wp-json\/wp\/v2\/users\/2"}],"replies":[{"embeddable":true,"href":"https:\/\/www.caririemacao.com\/1\/wp-json\/wp\/v2\/comments?post=39451"}],"version-history":[{"count":0,"href":"https:\/\/www.caririemacao.com\/1\/wp-json\/wp\/v2\/posts\/39451\/revisions"}],"wp:featuredmedia":[{"embeddable":true,"href":"https:\/\/www.caririemacao.com\/1\/wp-json\/wp\/v2\/media\/39452"}],"wp:attachment":[{"href":"https:\/\/www.caririemacao.com\/1\/wp-json\/wp\/v2\/media?parent=39451"}],"wp:term":[{"taxonomy":"category","embeddable":true,"href":"https:\/\/www.caririemacao.com\/1\/wp-json\/wp\/v2\/categories?post=39451"},{"taxonomy":"post_tag","embeddable":true,"href":"https:\/\/www.caririemacao.com\/1\/wp-json\/wp\/v2\/tags?post=39451"}],"curies":[{"name":"wp","href":"https:\/\/api.w.org\/{rel}","templated":true}]}}