{"id":39475,"date":"2018-02-01T10:11:43","date_gmt":"2018-02-01T13:11:43","guid":{"rendered":"http:\/\/caririemacao.com\/1\/?p=39475"},"modified":"2018-02-01T10:11:43","modified_gmt":"2018-02-01T13:11:43","slug":"uepb-inicia-inscricoes-pelo-sisu-nesta-quinta-feira","status":"publish","type":"post","link":"https:\/\/www.caririemacao.com\/1\/2018\/02\/01\/uepb-inicia-inscricoes-pelo-sisu-nesta-quinta-feira\/","title":{"rendered":"UEPB inicia inscri\u00e7\u00f5es pelo Sisu nesta quinta-feira"},"content":{"rendered":"<p>Come\u00e7am a ser realizadas nesta quinta-feira (1\u00ba) as matr\u00edculas dos estudantes novatos aprovados na chamada regular do Sistema de Sele\u00e7\u00e3o Unificada (SiSU) 2018, divulgada pelo Minist\u00e9rio da Educa\u00e7\u00e3o (MEC) para o per\u00edodo 2017.2 na Universidade Estadual da Para\u00edba (UEPB). O prazo segue at\u00e9 a pr\u00f3xima ter\u00e7a-feira (6).<\/p>\n<p>Os estudantes selecionados dever\u00e3o comparecer a Coordena\u00e7\u00e3o do Curso em que se inscreveu portando os seguintes documentos para a matr\u00edcula (com as respectivas c\u00f3pias autenticadas): Certificado de Conclus\u00e3o do Ensino M\u00e9dio e Hist\u00f3rico Escolar; RG; CPF; Prova de quita\u00e7\u00e3o com o Servi\u00e7o Militar (no caso de candidatos do sexo masculino); Registro de Nascimento ou Certid\u00e3o de Casamento, Prova de Quita\u00e7\u00e3o com o TRE (para maiores de 18 anos); e uma foto 3 x 4 recente. A matr\u00edcula s\u00f3 ser\u00e1 permitida aos estudantes que apresentarem no ato da matr\u00edcula todos os documentos exigidos no Edital, n\u00e3o sendo permitida a complementa\u00e7\u00e3o de documentos posteriormente.<\/p>\n<p>Conforme o cronograma do MEC, at\u00e9 o dia 7 de fevereiro, os candidatos que n\u00e3o foram convocados na chamada regular dever\u00e3o fazer a declara\u00e7\u00e3o de interesse em participa\u00e7\u00e3o da lista de espera, que ter\u00e1 sua publica\u00e7\u00e3o realizada no dia 9 de fevereiro. No dia 14 do mesmo m\u00eas, a UEPB faz a primeira chamada desta lista de espera. As aulas do semestre letivo 2017.2 come\u00e7am no dia 19 de fevereiro. Outras informa\u00e7\u00f5es podem ser obtidas atrav\u00e9s dos telefones (83) 3315-3350 e 3315-3434.<\/p>\n<p><strong>CARIRI EM A\u00c7\u00c3O<\/strong><\/p>\n<p><em>Com Para\u00edba J\u00e1\/Foto: Reprodu\u00e7\u00e3o Internet<\/em><\/p>\n<p><strong>Leia mais not\u00edcias em\u00a0<\/strong><a href=\"http:\/\/www.caririemacao.com\/\"><strong>caririemacao.com<\/strong><\/a><strong>, siga nossa p\u00e1gina no\u00a0<\/strong><a href=\"https:\/\/www.facebook.com\/CaririEmAcao\/?ref=aymt_homepage_panel\"><strong>Facebook<\/strong><\/a>,<strong>\u00a0<\/strong><a href=\"https:\/\/www.instagram.com\/cariri_em_acao\/?hl=pt-br\"><strong>Instagram<\/strong><\/a><strong>\u00a0e\u00a0<\/strong><a href=\"https:\/\/www.youtube.com\/channel\/UCAptA0jQuYQy8vMhLt2m4qg\"><strong>Youtube<\/strong><\/a><strong>\u00a0e veja nossas mat\u00e9rias, v\u00eddeos e fotos. Voc\u00ea tamb\u00e9m pode enviar informa\u00e7\u00f5es \u00e0 Reda\u00e7\u00e3o do Portal Cariri em A\u00e7\u00e3o pelo WhatsApp (83) 9 9634.5791, (83) 9 9601-1162.<\/strong><\/p>\n","protected":false},"excerpt":{"rendered":"<p>Come\u00e7am a ser realizadas nesta quinta-feira (1\u00ba) as matr\u00edculas dos estudantes novatos aprovados na chamada regular do Sistema de Sele\u00e7\u00e3o Unificada (SiSU) 2018, divulgada pelo&hellip; <\/p>\n","protected":false},"author":2,"featured_media":642,"comment_status":"closed","ping_status":"closed","sticky":false,"template":"","format":"standard","meta":{"sfsi_plus_gutenberg_text_before_share":"","sfsi_plus_gutenberg_show_text_before_share":"","sfsi_plus_gutenberg_icon_type":"","sfsi_plus_gutenberg_icon_alignemt":"","sfsi_plus_gutenburg_max_per_row":"","footnotes":""},"categories":[14],"tags":[],"class_list":["post-39475","post","type-post","status-publish","format-standard","has-post-thumbnail","hentry","category-educacao"],"_links":{"self":[{"href":"https:\/\/www.caririemacao.com\/1\/wp-json\/wp\/v2\/posts\/39475","targetHints":{"allow":["GET"]}}],"collection":[{"href":"https:\/\/www.caririemacao.com\/1\/wp-json\/wp\/v2\/posts"}],"about":[{"href":"https:\/\/www.caririemacao.com\/1\/wp-json\/wp\/v2\/types\/post"}],"author":[{"embeddable":true,"href":"https:\/\/www.caririemacao.com\/1\/wp-json\/wp\/v2\/users\/2"}],"replies":[{"embeddable":true,"href":"https:\/\/www.caririemacao.com\/1\/wp-json\/wp\/v2\/comments?post=39475"}],"version-history":[{"count":0,"href":"https:\/\/www.caririemacao.com\/1\/wp-json\/wp\/v2\/posts\/39475\/revisions"}],"wp:featuredmedia":[{"embeddable":true,"href":"https:\/\/www.caririemacao.com\/1\/wp-json\/wp\/v2\/media\/642"}],"wp:attachment":[{"href":"https:\/\/www.caririemacao.com\/1\/wp-json\/wp\/v2\/media?parent=39475"}],"wp:term":[{"taxonomy":"category","embeddable":true,"href":"https:\/\/www.caririemacao.com\/1\/wp-json\/wp\/v2\/categories?post=39475"},{"taxonomy":"post_tag","embeddable":true,"href":"https:\/\/www.caririemacao.com\/1\/wp-json\/wp\/v2\/tags?post=39475"}],"curies":[{"name":"wp","href":"https:\/\/api.w.org\/{rel}","templated":true}]}}