{"id":39482,"date":"2018-02-01T10:28:04","date_gmt":"2018-02-01T13:28:04","guid":{"rendered":"http:\/\/caririemacao.com\/1\/?p=39482"},"modified":"2018-02-01T10:28:04","modified_gmt":"2018-02-01T13:28:04","slug":"atraso-de-balancetes-pode-acarretar-no-bloqueio-das-contas-de-21-prefeituras","status":"publish","type":"post","link":"https:\/\/www.caririemacao.com\/1\/2018\/02\/01\/atraso-de-balancetes-pode-acarretar-no-bloqueio-das-contas-de-21-prefeituras\/","title":{"rendered":"Atraso de balancetes pode acarretar no bloqueio das contas de 21 prefeituras"},"content":{"rendered":"<p>Vinte e uma Prefeituras e uma C\u00e2mara de Vereadores deixaram de apresentar, at\u00e9 o final do prazo de ontem (31\/01), os balancetes de dezembro passado ao Tribunal de Contas da Para\u00edba.<\/p>\n<p>Os retardat\u00e1rios est\u00e3o, a partir de agora, sujeitos a multas pessoais e ao bloqueio das contas banc\u00e1rias dos \u00f3rg\u00e3os que administram, provid\u00eancia a ser tomada depois que a Assessoria T\u00e9cnica (Astec) responder ao Gabinete da Presid\u00eancia do TCE sobre a possibilidade de requerimento devidamente fundamentado por qualquer um deles, ou ocorr\u00eancia eventual de pend\u00eancias no sistema. Caso isso n\u00e3o ocorra, os bloqueios ser\u00e3o expedidos.<\/p>\n<p>Os balancetes mensais s\u00e3o uma forma republicana, democr\u00e1tica e transparente de exposi\u00e7\u00e3o dos atos e fatos da administra\u00e7\u00e3o p\u00fablica. Tamb\u00e9m possibilitam ao TCE o acompanhamento efetivo de cada gest\u00e3o, em benef\u00edcio dos pr\u00f3prios gestores e da sociedade.<\/p>\n<p>A lista de faltosos cont\u00e9m as Prefeituras de Alhandra, Arara, Borborema, Brejo do Cruz, Cruz do Esp\u00edrito Santo, Cuit\u00e9, Cuitegi, Dami\u00e3o, Diamante, Frei Martinho, Ing\u00e1, Jo\u00e3o Pessoa, Nova Floresta, Pedra Lavrada, Pirpirituba, Pitimbu, Santo Andr\u00e9, S\u00e3o Vicente do Serid\u00f3, Sobrado e Tacima. Tamb\u00e9m, a C\u00e2mara Municipal de Alhandra.<\/p>\n<p><strong>CARIRI EM A\u00c7\u00c3O<\/strong><\/p>\n<p><em>Com Para\u00edba J\u00e1<\/em><em>\/Foto:\u00a0Reprodu\u00e7\u00e3o google<\/em><\/p>\n<p><strong>Leia mais not\u00edcias em\u00a0<\/strong><a href=\"http:\/\/www.caririemacao.com\/\"><strong>caririemacao.com<\/strong><\/a><strong>, siga nossa p\u00e1gina no\u00a0<\/strong><a href=\"https:\/\/www.facebook.com\/CaririEmAcao\/?ref=aymt_homepage_panel\"><strong>Facebook<\/strong><\/a>,<strong>\u00a0<\/strong><a href=\"https:\/\/www.instagram.com\/cariri_em_acao\/?hl=pt-br\"><strong>Instagram<\/strong><\/a><strong>\u00a0e\u00a0<\/strong><a href=\"https:\/\/www.youtube.com\/channel\/UCAptA0jQuYQy8vMhLt2m4qg\"><strong>Youtube<\/strong><\/a><strong>\u00a0e veja nossas mat\u00e9rias, v\u00eddeos e fotos. Voc\u00ea tamb\u00e9m pode enviar informa\u00e7\u00f5es \u00e0 Reda\u00e7\u00e3o do Portal Cariri em A\u00e7\u00e3o pelo WhatsApp (83) 9 9634.5791, (83) 9 9601-1162.<\/strong><\/p>\n","protected":false},"excerpt":{"rendered":"<p>Vinte e uma Prefeituras e uma C\u00e2mara de Vereadores deixaram de apresentar, at\u00e9 o final do prazo de ontem (31\/01), os balancetes de dezembro passado&hellip; <\/p>\n","protected":false},"author":2,"featured_media":39483,"comment_status":"closed","ping_status":"closed","sticky":false,"template":"","format":"standard","meta":{"sfsi_plus_gutenberg_text_before_share":"","sfsi_plus_gutenberg_show_text_before_share":"","sfsi_plus_gutenberg_icon_type":"","sfsi_plus_gutenberg_icon_alignemt":"","sfsi_plus_gutenburg_max_per_row":"","footnotes":""},"categories":[2],"tags":[],"class_list":["post-39482","post","type-post","status-publish","format-standard","has-post-thumbnail","hentry","category-geral"],"_links":{"self":[{"href":"https:\/\/www.caririemacao.com\/1\/wp-json\/wp\/v2\/posts\/39482","targetHints":{"allow":["GET"]}}],"collection":[{"href":"https:\/\/www.caririemacao.com\/1\/wp-json\/wp\/v2\/posts"}],"about":[{"href":"https:\/\/www.caririemacao.com\/1\/wp-json\/wp\/v2\/types\/post"}],"author":[{"embeddable":true,"href":"https:\/\/www.caririemacao.com\/1\/wp-json\/wp\/v2\/users\/2"}],"replies":[{"embeddable":true,"href":"https:\/\/www.caririemacao.com\/1\/wp-json\/wp\/v2\/comments?post=39482"}],"version-history":[{"count":0,"href":"https:\/\/www.caririemacao.com\/1\/wp-json\/wp\/v2\/posts\/39482\/revisions"}],"wp:featuredmedia":[{"embeddable":true,"href":"https:\/\/www.caririemacao.com\/1\/wp-json\/wp\/v2\/media\/39483"}],"wp:attachment":[{"href":"https:\/\/www.caririemacao.com\/1\/wp-json\/wp\/v2\/media?parent=39482"}],"wp:term":[{"taxonomy":"category","embeddable":true,"href":"https:\/\/www.caririemacao.com\/1\/wp-json\/wp\/v2\/categories?post=39482"},{"taxonomy":"post_tag","embeddable":true,"href":"https:\/\/www.caririemacao.com\/1\/wp-json\/wp\/v2\/tags?post=39482"}],"curies":[{"name":"wp","href":"https:\/\/api.w.org\/{rel}","templated":true}]}}