{"id":39489,"date":"2018-02-01T11:48:40","date_gmt":"2018-02-01T14:48:40","guid":{"rendered":"http:\/\/caririemacao.com\/1\/?p=39489"},"modified":"2018-02-01T12:11:18","modified_gmt":"2018-02-01T15:11:18","slug":"jovem-e-assassinado-com-tiro-de-12-entre-desterro-e-taperoa","status":"publish","type":"post","link":"https:\/\/www.caririemacao.com\/1\/2018\/02\/01\/jovem-e-assassinado-com-tiro-de-12-entre-desterro-e-taperoa\/","title":{"rendered":"Jovem \u00e9 assassinado com tiro de 12 entre Desterro e Tapero\u00e1"},"content":{"rendered":"<p>Um jovem identificado como Niel, foi assassinado com um tiro de uma espingarda de grosso calibre na noite desta quarta-feira (31) na PB 238, entre as cidades de Desterro e Tapero\u00e1.<\/p>\n<p>Informa\u00e7\u00f5es extra oficiais obtidas pela nossa equipe de reportagem, d\u00e3o conta de que Niel seria suspeito de ter assaltado um posto de combust\u00edvel na cidade de Tapero\u00e1.<\/p>\n<p>Ap\u00f3s isso, ele teria fugido, sendo perseguido e morto com um tiro provavelmente de uma espingarda calibre 12 na mama.<\/p>\n<p>At\u00e9 o momento, n\u00e3o suspeitos de mais esse homic\u00eddio violento ocorrido na regi\u00e3o.<\/p>\n<p><strong>CARIRI EM A\u00c7\u00c3O<\/strong><\/p>\n<p><em>Com Helenolima. com \/Foto: Reprodu\u00e7\u00e3o Internet, Divulga\u00e7\u00e3o \u00a0<\/em><\/p>\n<p><strong>Leia mais not\u00edcias em\u00a0<\/strong><a href=\"http:\/\/www.caririemacao.com\/\"><strong>caririemacao.com<\/strong><\/a><strong>, siga nossa p\u00e1gina no\u00a0<\/strong><a href=\"https:\/\/www.facebook.com\/CaririEmAcao\/?ref=aymt_homepage_panel\"><strong>Facebook<\/strong><\/a>,<strong>\u00a0<\/strong><a href=\"https:\/\/www.instagram.com\/cariri_em_acao\/?hl=pt-br\"><strong>Instagram<\/strong><\/a><strong>\u00a0e <\/strong><a href=\"https:\/\/www.youtube.com\/channel\/UCAptA0jQuYQy8vMhLt2m4qg\"><strong>Youtube<\/strong><\/a><strong>\u00a0e veja nossas mat\u00e9rias, v\u00eddeos e fotos. Voc\u00ea tamb\u00e9m pode enviar informa\u00e7\u00f5es \u00e0 Reda\u00e7\u00e3o do Portal Cariri em A\u00e7\u00e3o pelo WhatsApp (83) 9 9634.5791, (83) 9 9601-1162.<\/strong><\/p>\n","protected":false},"excerpt":{"rendered":"<p>Um jovem identificado como Niel, foi assassinado com um tiro de uma espingarda de grosso calibre na noite desta quarta-feira (31) na PB 238, entre&hellip; <\/p>\n","protected":false},"author":2,"featured_media":39490,"comment_status":"closed","ping_status":"closed","sticky":false,"template":"","format":"standard","meta":{"sfsi_plus_gutenberg_text_before_share":"","sfsi_plus_gutenberg_show_text_before_share":"","sfsi_plus_gutenberg_icon_type":"","sfsi_plus_gutenberg_icon_alignemt":"","sfsi_plus_gutenburg_max_per_row":"","footnotes":""},"categories":[12],"tags":[],"class_list":["post-39489","post","type-post","status-publish","format-standard","has-post-thumbnail","hentry","category-policia"],"_links":{"self":[{"href":"https:\/\/www.caririemacao.com\/1\/wp-json\/wp\/v2\/posts\/39489","targetHints":{"allow":["GET"]}}],"collection":[{"href":"https:\/\/www.caririemacao.com\/1\/wp-json\/wp\/v2\/posts"}],"about":[{"href":"https:\/\/www.caririemacao.com\/1\/wp-json\/wp\/v2\/types\/post"}],"author":[{"embeddable":true,"href":"https:\/\/www.caririemacao.com\/1\/wp-json\/wp\/v2\/users\/2"}],"replies":[{"embeddable":true,"href":"https:\/\/www.caririemacao.com\/1\/wp-json\/wp\/v2\/comments?post=39489"}],"version-history":[{"count":0,"href":"https:\/\/www.caririemacao.com\/1\/wp-json\/wp\/v2\/posts\/39489\/revisions"}],"wp:featuredmedia":[{"embeddable":true,"href":"https:\/\/www.caririemacao.com\/1\/wp-json\/wp\/v2\/media\/39490"}],"wp:attachment":[{"href":"https:\/\/www.caririemacao.com\/1\/wp-json\/wp\/v2\/media?parent=39489"}],"wp:term":[{"taxonomy":"category","embeddable":true,"href":"https:\/\/www.caririemacao.com\/1\/wp-json\/wp\/v2\/categories?post=39489"},{"taxonomy":"post_tag","embeddable":true,"href":"https:\/\/www.caririemacao.com\/1\/wp-json\/wp\/v2\/tags?post=39489"}],"curies":[{"name":"wp","href":"https:\/\/api.w.org\/{rel}","templated":true}]}}