{"id":39502,"date":"2018-02-01T13:19:23","date_gmt":"2018-02-01T16:19:23","guid":{"rendered":"http:\/\/caririemacao.com\/1\/?p=39502"},"modified":"2018-02-02T06:31:15","modified_gmt":"2018-02-02T09:31:15","slug":"escola-estadual-de-gurjao-tem-nova-diretora","status":"publish","type":"post","link":"https:\/\/www.caririemacao.com\/1\/2018\/02\/01\/escola-estadual-de-gurjao-tem-nova-diretora\/","title":{"rendered":"Governador nomeia nova diretora da Escola Juarez Maracaj\u00e1"},"content":{"rendered":"<p>O governador Ricardo Coutinho nomeou esta semana a nova diretora da Escola Estadual de Ensino M\u00e9dio Juarez Maracaj\u00e1, no munic\u00edpio de Gurj\u00e3o. A nomea\u00e7\u00e3o foi publicada no di\u00e1rio oficial do Estado da Para\u00edba desta quarta-feira, dia 31.<\/p>\n<p>Trata-se da professora Ana Luiza Queiroz Coutinho, formada na Universidade de Bras\u00edlia.<\/p>\n<p>Ana Luiza \u00e9 uma indica\u00e7\u00e3o do presidente do PSB de Gurj\u00e3o, Adailsinho Queiroz e traz uma larga experi\u00eancia na \u00e1rea de gest\u00e3o e educa\u00e7\u00e3o. Ela foi nomeada ontem e tomou posse j\u00e1 na manh\u00e3 desta quinta-feira, dia 01, na sede da Secretaria de Educa\u00e7\u00e3o do Estado.<\/p>\n<p>Em contato com o Cariri em A\u00e7\u00e3o, Ana Luiza disse que estar\u00e1 tomando posse em Gurj\u00e3o na manh\u00e3 desta sexta-feira, dia 02, na pr\u00f3pria escola onde inicia seu trabalhos.<\/p>\n<p><strong>CARIRI EM A\u00c7\u00c3O<\/strong><\/p>\n<p>Leia mais not\u00edcias em\u00a0<a href=\"http:\/\/www.caririemacao.com\/\">caririemacao.com<\/a>, siga nossa p\u00e1gina no\u00a0<a href=\"https:\/\/www.facebook.com\/CaririEmAcao\/?ref=aymt_homepage_panel\">Facebook<\/a>,\u00a0<a href=\"https:\/\/www.instagram.com\/cariri_em_acao\/?hl=pt-br\">Instagram<\/a>\u00a0e\u00a0<a href=\"https:\/\/www.youtube.com\/channel\/UCAptA0jQuYQy8vMhLt2m4qg\">Youtube<\/a>\u00a0e veja nossas mat\u00e9rias, v\u00eddeos e fotos. Voc\u00ea tamb\u00e9m pode enviar informa\u00e7\u00f5es \u00e0 Reda\u00e7\u00e3o do Portal Cariri em A\u00e7\u00e3o pelo WhatsApp (83) 9 9634.5791, (83) 9 9601-1162.<\/p>\n","protected":false},"excerpt":{"rendered":"<p>O governador Ricardo Coutinho nomeou esta semana a nova diretora da Escola Estadual de Ensino M\u00e9dio Juarez Maracaj\u00e1, no munic\u00edpio de Gurj\u00e3o. A nomea\u00e7\u00e3o foi&hellip; <\/p>\n","protected":false},"author":2,"featured_media":39503,"comment_status":"closed","ping_status":"closed","sticky":false,"template":"","format":"standard","meta":{"sfsi_plus_gutenberg_text_before_share":"","sfsi_plus_gutenberg_show_text_before_share":"","sfsi_plus_gutenberg_icon_type":"","sfsi_plus_gutenberg_icon_alignemt":"","sfsi_plus_gutenburg_max_per_row":"","footnotes":""},"categories":[2],"tags":[],"class_list":["post-39502","post","type-post","status-publish","format-standard","has-post-thumbnail","hentry","category-geral"],"_links":{"self":[{"href":"https:\/\/www.caririemacao.com\/1\/wp-json\/wp\/v2\/posts\/39502","targetHints":{"allow":["GET"]}}],"collection":[{"href":"https:\/\/www.caririemacao.com\/1\/wp-json\/wp\/v2\/posts"}],"about":[{"href":"https:\/\/www.caririemacao.com\/1\/wp-json\/wp\/v2\/types\/post"}],"author":[{"embeddable":true,"href":"https:\/\/www.caririemacao.com\/1\/wp-json\/wp\/v2\/users\/2"}],"replies":[{"embeddable":true,"href":"https:\/\/www.caririemacao.com\/1\/wp-json\/wp\/v2\/comments?post=39502"}],"version-history":[{"count":0,"href":"https:\/\/www.caririemacao.com\/1\/wp-json\/wp\/v2\/posts\/39502\/revisions"}],"wp:featuredmedia":[{"embeddable":true,"href":"https:\/\/www.caririemacao.com\/1\/wp-json\/wp\/v2\/media\/39503"}],"wp:attachment":[{"href":"https:\/\/www.caririemacao.com\/1\/wp-json\/wp\/v2\/media?parent=39502"}],"wp:term":[{"taxonomy":"category","embeddable":true,"href":"https:\/\/www.caririemacao.com\/1\/wp-json\/wp\/v2\/categories?post=39502"},{"taxonomy":"post_tag","embeddable":true,"href":"https:\/\/www.caririemacao.com\/1\/wp-json\/wp\/v2\/tags?post=39502"}],"curies":[{"name":"wp","href":"https:\/\/api.w.org\/{rel}","templated":true}]}}