{"id":39508,"date":"2018-02-01T14:30:26","date_gmt":"2018-02-01T17:30:26","guid":{"rendered":"http:\/\/caririemacao.com\/1\/?p=39508"},"modified":"2018-02-01T14:30:26","modified_gmt":"2018-02-01T17:30:26","slug":"caps-de-sume-finaliza-campanha-janeiro-branco","status":"publish","type":"post","link":"https:\/\/www.caririemacao.com\/1\/2018\/02\/01\/caps-de-sume-finaliza-campanha-janeiro-branco\/","title":{"rendered":"CAPS de Sum\u00e9 finaliza campanha Janeiro Branco"},"content":{"rendered":"<p>O Centro de Aten\u00e7\u00e3o Psicossocial de Sum\u00e9 (CAPS) realizou nesta ter\u00e7a-feira (30\/01) o encerramento da campanha Janeiro Branco.<\/p>\n<p>Os usu\u00e1rios do CAPS, funcion\u00e1rios e a secret\u00e1ria de Sa\u00fade, Alessandra Regina, participaram de uma caminhada pelas ruas do bairro de V\u00e1rzea Redonda com o objetivo de unir as pessoas em torno da causa.<\/p>\n<p>A campanha Janeiro Branco faz do m\u00eas de janeiro um marco temporal estrat\u00e9gico para que todas as pessoas reflitam, debatam e planejem a\u00e7\u00f5es em prol das quest\u00f5es de ordem psicol\u00f3gica-existencial, como o sentido da vida, prop\u00f3sitos existenciais, equil\u00edbrio emocional, felicidade, qualidade de relacionamentos e qualidade de vida.<\/p>\n<p>A campanha Janeiro Branco teve in\u00edcio no Brasil em 2014 e este ano foi a segunda vez que o CAPS de Sum\u00e9 promoveu o debate a cerca do tema com rodas de conversa, oficinas terap\u00eauticas e participa\u00e7\u00e3o em programas de r\u00e1dio.<\/p>\n<p><strong>CARIRI EM A\u00c7\u00c3O<\/strong><\/p>\n<p><em>Com Ascom\/PMS \/Foto: Divulga\u00e7\u00e3o \u00a0<\/em><\/p>\n<p><strong>Leia mais not\u00edcias em\u00a0<\/strong><a href=\"http:\/\/www.caririemacao.com\/\"><strong>caririemacao.com<\/strong><\/a><strong>, siga nossa p\u00e1gina no\u00a0<\/strong><a href=\"https:\/\/www.facebook.com\/CaririEmAcao\/?ref=aymt_homepage_panel\"><strong>Facebook<\/strong><\/a>,<strong>\u00a0<\/strong><a href=\"https:\/\/www.instagram.com\/cariri_em_acao\/?hl=pt-br\"><strong>Instagram<\/strong><\/a><strong>\u00a0e <\/strong><a href=\"https:\/\/www.youtube.com\/channel\/UCAptA0jQuYQy8vMhLt2m4qg\"><strong>Youtube<\/strong><\/a><strong>\u00a0e veja nossas mat\u00e9rias, v\u00eddeos e fotos. Voc\u00ea tamb\u00e9m pode enviar informa\u00e7\u00f5es \u00e0 Reda\u00e7\u00e3o do Portal Cariri em A\u00e7\u00e3o pelo WhatsApp (83) 9 9634.5791, (83) 9 9601-1162.<\/strong><\/p>\n","protected":false},"excerpt":{"rendered":"<p>O Centro de Aten\u00e7\u00e3o Psicossocial de Sum\u00e9 (CAPS) realizou nesta ter\u00e7a-feira (30\/01) o encerramento da campanha Janeiro Branco. Os usu\u00e1rios do CAPS, funcion\u00e1rios e a&hellip; <\/p>\n","protected":false},"author":2,"featured_media":39509,"comment_status":"closed","ping_status":"closed","sticky":false,"template":"","format":"standard","meta":{"sfsi_plus_gutenberg_text_before_share":"","sfsi_plus_gutenberg_show_text_before_share":"","sfsi_plus_gutenberg_icon_type":"","sfsi_plus_gutenberg_icon_alignemt":"","sfsi_plus_gutenburg_max_per_row":"","footnotes":""},"categories":[6],"tags":[],"class_list":["post-39508","post","type-post","status-publish","format-standard","has-post-thumbnail","hentry","category-cidades"],"_links":{"self":[{"href":"https:\/\/www.caririemacao.com\/1\/wp-json\/wp\/v2\/posts\/39508","targetHints":{"allow":["GET"]}}],"collection":[{"href":"https:\/\/www.caririemacao.com\/1\/wp-json\/wp\/v2\/posts"}],"about":[{"href":"https:\/\/www.caririemacao.com\/1\/wp-json\/wp\/v2\/types\/post"}],"author":[{"embeddable":true,"href":"https:\/\/www.caririemacao.com\/1\/wp-json\/wp\/v2\/users\/2"}],"replies":[{"embeddable":true,"href":"https:\/\/www.caririemacao.com\/1\/wp-json\/wp\/v2\/comments?post=39508"}],"version-history":[{"count":0,"href":"https:\/\/www.caririemacao.com\/1\/wp-json\/wp\/v2\/posts\/39508\/revisions"}],"wp:featuredmedia":[{"embeddable":true,"href":"https:\/\/www.caririemacao.com\/1\/wp-json\/wp\/v2\/media\/39509"}],"wp:attachment":[{"href":"https:\/\/www.caririemacao.com\/1\/wp-json\/wp\/v2\/media?parent=39508"}],"wp:term":[{"taxonomy":"category","embeddable":true,"href":"https:\/\/www.caririemacao.com\/1\/wp-json\/wp\/v2\/categories?post=39508"},{"taxonomy":"post_tag","embeddable":true,"href":"https:\/\/www.caririemacao.com\/1\/wp-json\/wp\/v2\/tags?post=39508"}],"curies":[{"name":"wp","href":"https:\/\/api.w.org\/{rel}","templated":true}]}}